{"id":88181,"date":"2012-04-16T15:14:00","date_gmt":"2012-04-16T14:14:00","guid":{"rendered":"http:\/\/www.cronacaonline.it\/public\/content\/index.php\/16\/04\/2012\/csl-dichiarazione-di-alessandra-giudici-ai-sindacati-atteggiamento-miope-e-non-lungimirante-cosi-non-si-risolve-il-problema"},"modified":"2012-04-16T15:14:00","modified_gmt":"2012-04-16T14:14:00","slug":"csl-dichiarazione-di-alessandra-giudici-ai-sindacati-atteggiamento-miope-e-non-lungimirante-cosi-non-si-risolve-il-problema","status":"publish","type":"post","link":"https:\/\/www.cronacaonline.it\/index.php\/2012\/04\/16\/csl-dichiarazione-di-alessandra-giudici-ai-sindacati-atteggiamento-miope-e-non-lungimirante-cosi-non-si-risolve-il-problema\/","title":{"rendered":"Csl, dichiarazione di Alessandra Giudici ai sindacati: \u201catteggiamento miope e non lungimirante, cos\u00ec non si risolve il problema\u201d."},"content":{"rendered":"<p>L\u2019atteggiamento di Armando Ruzzetto rispetto alla vicendadei collaboratori dei Csl della Provincia di Sassari \u00e8 cos\u00ec poco lungimiranteda ricordare quello tenuto dalla cicala dell\u2019arcinota favola esopica, conl\u2019aggravante che le sue parole somigliano pi\u00f9 che altro a un cicaleccio da bar,sordo e fine a se stesso. Noncurante del reale destino cui rischiano di andareincontro i lavoratori se davvero la Regione non far\u00e0 ci\u00f2 che deve, che avevapromesso e per cui \u00e8 in gravissimo ritardo, l\u2019esponente sindacale badasolamente all\u2019oggi e non comprende, o non vuole comprendere, che una visionecos\u00ec miope della vicenda produce e giustifica e legittima ulteriori ritardi daparte di Cagliari. Di questi ritardi saranno vittime non solo i co.co.co. inquestione, ma anche l\u2019amministrazione e gli utenti di servizi fondamentali comequelli garantiti dall\u2019ente attraverso i Centri dei servizi per il lavoro.<\/p>\n<p>Rispetto al comunicato diffuso in merito a tale argomentodai sindacati, esageratamente distorto rispetto alla verit\u00e0 per non meritare lepresenti precisazioni di metodo e di merito, desidero affermare chiaramente \u2013per rispetto di tutte le persone che operano all\u2019interno di questaamministrazione \u2013 che la Provincia di Sassari si sente rappresentataautorevolmente e adeguatamente quando a un incontro partecipano l\u2019assessoreprovinciale cui compete specifica delega politica e il dirigente del settoreamministrativo di riferimento, senza che la cosa possa rappresentare unasottovalutazione delle questioni in argomento o una mancanza di rispetto neiconfronti di chicchessia.<\/p>\n<p>Ci\u00f2 detto, le dichiarazioni affidate alla stampa dairappresentanti sindacali del comparto Funzione pubblica di Cgil e Cisl, il cuitenore non si discosta da quelle che Armando Ruzzetto ripete ossessivamente dadiversi mesi, sorprendono per la loro insensatezza e per la totale mancanza diragionevolezza, cause queste di una sparata totalmente fuori bersaglio. Gliesponenti sindacali dovrebbero attaccare duramente <st1:personname w:st=\"on\" ProductID=\"la Regione\">la Regione<\/st1:personname>, che da sette annicontinua a non risolvere il problema attraverso un doveroso e necessarioprogramma destinato a stabilizzare le funzioni e storicizzare le risorse,mettendo tutti nelle condizioni di completare il percorso di trasferimentodelle competenze, in assenza del quale tutta <st1:personname w:st=\"on\" ProductID=\"la Sardegna\">la Sardegna<\/st1:personname> vive nelparadosso per cui a fondamentali servizi contro la disoccupazione,l\u2019inoccupazione e il precariato lavorano dal 2005, attraverso una serieinfinita e vergognosa di proroghe, dei precari: co.co.co., co.co.pro. edipendenti a tempo determinato che ormai sanno bene che anche la promessa diuna definitiva stabilizzazione, fatta in pi\u00f9 circostanze dalla Regione, nonpotr\u00e0 essere mantenuta.<\/p>\n<p>Al contrario, Cgil e Cisl non si mettono alcun problema amettere alla gogna la Provincia di Sassari, la cui responsabilit\u00e0 sarebbequella di aver stabilito in gennaio \u2013 affrontando al proprio interno una seriae serrata discussione sul piano del diritto e della contabilit\u00e0 amministrativa\u2013 un\u2019ulteriore proroga per i contratti di collaborazione in questione al finedi prevenire l\u2019ennesima inadempienza cagliaritana. E ora che anche questaproroga sta per scadere, si chiede alla Provincia di Sassari di chiudere unocchio, come fatto gi\u00e0 altre volte in passato senza incassare la bench\u00e9 minimaattestazione di riconoscenza da parte sindacale, invece di esigere dallaRegione il rispetto degli impegni assunti e la soluzione di una questione chesi trascina, vergognosamente e con la connivenza di tutte le parti politiche edelle organizzazioni sindacali, da oltre sette anni.<\/p>\n<p>La morale, proprio come nel caso della favola esopica, \u00e8 cheanche i sindacalisti dovrebbero frinire di meno ed essere un po\u2019 pi\u00f9previdenti. Com<\/p>\n","protected":false},"excerpt":{"rendered":"<p>L\u2019atteggiamento di Armando Ruzzetto rispetto alla vicendadei collaboratori dei Csl della Provincia di Sassari \u00e8 cos\u00ec poco lungimiranteda ricordare quello tenuto dalla cicala dell\u2019arcinota favola&#8230;<\/p>\n","protected":false},"author":2,"featured_media":0,"comment_status":"closed","ping_status":"closed","sticky":false,"template":"","format":"standard","meta":[],"categories":[49],"tags":[],"_links":{"self":[{"href":"https:\/\/www.cronacaonline.it\/index.php\/wp-json\/wp\/v2\/posts\/88181"}],"collection":[{"href":"https:\/\/www.cronacaonline.it\/index.php\/wp-json\/wp\/v2\/posts"}],"about":[{"href":"https:\/\/www.cronacaonline.it\/index.php\/wp-json\/wp\/v2\/types\/post"}],"author":[{"embeddable":true,"href":"https:\/\/www.cronacaonline.it\/index.php\/wp-json\/wp\/v2\/users\/2"}],"replies":[{"embeddable":true,"href":"https:\/\/www.cronacaonline.it\/index.php\/wp-json\/wp\/v2\/comments?post=88181"}],"version-history":[{"count":0,"href":"https:\/\/www.cronacaonline.it\/index.php\/wp-json\/wp\/v2\/posts\/88181\/revisions"}],"wp:attachment":[{"href":"https:\/\/www.cronacaonline.it\/index.php\/wp-json\/wp\/v2\/media?parent=88181"}],"wp:term":[{"taxonomy":"category","embeddable":true,"href":"https:\/\/www.cronacaonline.it\/index.php\/wp-json\/wp\/v2\/categories?post=88181"},{"taxonomy":"post_tag","embeddable":true,"href":"https:\/\/www.cronacaonline.it\/index.php\/wp-json\/wp\/v2\/tags?post=88181"}],"curies":[{"name":"wp","href":"https:\/\/api.w.org\/{rel}","templated":true}]}}