{"id":88180,"date":"2012-04-17T15:14:00","date_gmt":"2012-04-17T14:14:00","guid":{"rendered":"http:\/\/www.cronacaonline.it\/public\/content\/index.php\/17\/04\/2012\/ottava-edizione-di-european-jazz-expo-2012-31-festival-internazionale-jazz-in-sardegna"},"modified":"2012-04-17T15:14:00","modified_gmt":"2012-04-17T14:14:00","slug":"ottava-edizione-di-european-jazz-expo-2012-31-festival-internazionale-jazz-in-sardegna","status":"publish","type":"post","link":"https:\/\/www.cronacaonline.it\/index.php\/2012\/04\/17\/ottava-edizione-di-european-jazz-expo-2012-31-festival-internazionale-jazz-in-sardegna\/","title":{"rendered":"Ottava edizione di European Jazz Expo 2012, 31\u00b0 Festival Internazionale Jazz in Sardegna"},"content":{"rendered":"<p>L\u2019EJE si sposta a settembre: l\u2019attesissima manifestazione,conosciuta ormai in tutta Europa, slitta dalla tradizionale collocazione difine maggio alla fine dell'estate. Una scelta obbligata derivante dal mancatoincasso dei contributi regionali relativi al 2010 e 2011 e allo stato<span style=\"mso-spacerun: yes;\">&nbsp; <\/span>di perdurante incertezza relativo ai tempi distanziamento di quelli relativi al 2012.<\/p>\n<p><span style=\"mso-spacerun: yes;\">&nbsp;<\/span>L'European Jazz Expo,l\u2019appuntamento pi\u00f9 prestigioso dell\u2019anno per gli appassionati della musica jazze delle nuove tendenze musicali, si terr\u00e0 quindi dal 6 al 9 settembre al Parcodi Monte Claro di Cagliari con l'obiettivo di ripetere il grande successo dellascorsa edizione, che ha visto nel polmone verde pi\u00f9 importante della citt\u00e0 la presenzadi oltre 45.000 spettatori provenienti da ogni parte d\u2019Europa.<\/p>\n<p>L'ottava edizione dell'EJE si presenter\u00e0 ancora una voltacon il suo format di successo: 50 concerti in 4 giornate consecutive su 9palchi diversi. Con la<span style=\"mso-spacerun: yes;\">&nbsp; <\/span>presenza dei grandimaestri del jazz nazionale ed internazionale, vetrine con le pi\u00f9 interessanti novit\u00e0della nuova scena jazzistica, le migliori produzioni musicali originalinazionali e regionali. Non mancheranno&nbsp;anche quest\u2019anno l'area espositivae le diverse attivit\u00e0 collaterali tra musica, letteratura, teatro, danza e il Villaggiodel Gusto, l\u2019oasi delle degustazioni con le eccellenze dei piatti e deiprodotti di qualit\u00e0 del territorio sardo, componente fondamentale nell\u2019offertadei servizi che l\u2019Expo riserva al suo pubblico per coniugare il buon cibo conla buona musica e il piacere di stare insieme. <\/p>\n<p>A breve verr\u00e0 reso noto il calendario completo deiprincipali eventi in programma e partir\u00e0 la prevendita dei biglietti e degliabbonamenti.<\/p>\n<p><span style=\"mso-spacerun: yes;\">&nbsp;<\/span>Il programma:anticipazioni - Il cartellone dell\u2019EJE 2012 sar\u00e0 particolarmente ricco grazie ancheall\u2019abbinamento con diversi grandi eventi del cartellone di Sardegna Concerti edel Festival Internazionale Jazz in Sardegna. Nomi noti del panorama musicalemondiale si alterneranno a talenti emergenti, sonorit\u00e0 della miglior tradizionejazz e della Sardegna si combineranno a nuove idee musicali e culture diversedando vita a generi alternativi e a produzioni originali.<\/p>\n<p>Tra le anticipazioni del programma EJE 2012 spiccano nomisensazionali quali Billy Cobham, uno dei migliori batteristi al mondo riconosciutocome il pi\u00f9 importante drummer jazz fusion per la sua potenza e la tecnicapercussiva che ha unito la scuola e gli arrangiamenti del jazz all\u2019energia delrock; Stanley Jordan, il chitarrista jazz di Chicago, tra<span style=\"mso-spacerun: yes;\">&nbsp; <\/span>le figure pi\u00f9 interessanti della scenainternazionale, noto per il suo \u201cmagic touch\u201d e il Tapping, la tecnica con cuipercuote le corde creando un sound unico e straordinario; dal Marocco il magicoviaggio tra Gnawa Trance e i ritmi africani con la carismatica energia di AzizSahmaoui, musicista e voce straordinaria che si accompagna con il ngoni, liutocaratteristico del Mali, che vanta nel carnet delle sue collaborazioni illeggendario Joe Zawinul, mentre tra i suoi produttori Martin Meissonnier, unodei pi\u00f9 grandi della scena world music che ha realizzato lavori con alcuni deigrandi nomi come Fela, King Sunny Ad\u00e8, Papa Wemba, Alan Stivell e Seunkuti; DadoMoroni e Max Ionata duo, Boban Markovich Orchestra, Anthony Joseph, Bir\u00e9liLagr\u00e8ne, il chitarrista jazz-rock fusion di origini gitane, considerato unodegli eredi pi\u00f9 degni di Django Reinhardt sin dai primi anni \u201880. JacoPastorius, Benny Goldman, Dizzy Gillespie, Benny Carter, Al Di Meola, sono soloalcuni dei grandi nomi che hanno sperimentato \u201con stage\u201d la sua straordinariabravura; il prestigioso tributo a Michel Petrucciani che vede insieme unquintetto formidabile con Rita Marcotulli, Valdo Romano, Furio Di Castri, StefanoDi Battista e Flavio Boltro; i Sud Sound System, pionieri del raggamuffinitaliano, con una carica sempre pi\u00f9 energica ed entusiasmante e con la loromusica dancehall reggae che combina ritmi giamaicani con le tipiche sonorit\u00e0del Salento, come l\u2019uso del dialetto e le ballate di pizzica e taranta; rimanendonel territorio salentino rivisitato in una chiave del tutto innovativa ilgruppo delle tre voci femminili Triace con il progetto originale \u201cTra Incanti eTradimenti\u201d nato da un\u2019idea di Elena Ledda, prodotto da Jazz in Sardegna eElenaledda Vox. Un viaggio sonoro che prende vita dalle voci di EmanuelaGabrieli, Alessia Tondo e Carla Petrachi: tre grandi artiste incontrano lesuggestioni della tradizione attraverso un linguaggio nuovo e moderno che vedel\u2019uso della polifonia, della programmazione elettronica e il pianoforte diMarco Rollo; l\u2019Orchestra Scuola Civica di Cagliari; Pietropaolo Mazzariello duo;Livio Minafra; Gerardo Casiello; Big Blue Quartet, Federico Casagrande Quartet,Sigurt\u00e0 Duo; tra i musicisti nostrani Rossella Faa con il nuovo progettodiscografico Sighi Singin; Andrea Morelli del Mogase Trio; Casteddu Jazz Lab, etanti altri ancora.<\/p>\n<p>Tra le presenze consolidate si rinnova la collaborazione conAtina Jazz e le etichette discografiche Egea, Cam Stage e Giandomusic. <\/p>\n<p>S\u2019Ardmusic porter\u00e0 due produzioni originali: \u201cSongshine\u201d di FrancescaCorrias e del suo neonato quintetto. Il gruppo eredita e arricchisce unpercorso musicale, gi\u00e0 segnato dal Sunflower Quartet, che vede al centro lacanzone e attraversa territori \u2018altri\u2019, geograficamente lontani, oinaspettatamente vicini, e tesse cos\u00ec una trama sonora variopinta eparticolare, fatta di cinque fili morbidi e brillanti; Elva Lutza, duosassarese composto da Nico Casu: trombe, voce e Gianluca Dess\u00ec: chitarra,mandole, vincitori del Premio Parodi 2011. Un viaggio nella musica tradizionaledi varie regioni dell\u2019Europa dai Balcani alla Sardegna, ma anche dal Sud-Italiaalle isole britanniche, in cui jazz, musica contemporanea e musica popolaredanno vita a una performance assolutamente originale. Com<\/p>\n","protected":false},"excerpt":{"rendered":"<p>L\u2019EJE si sposta a settembre: l\u2019attesissima manifestazione,conosciuta ormai in tutta Europa, slitta dalla tradizionale collocazione difine maggio alla fine dell&#8217;estate. Una scelta obbligata derivante dal&#8230;<\/p>\n","protected":false},"author":2,"featured_media":0,"comment_status":"closed","ping_status":"closed","sticky":false,"template":"","format":"standard","meta":[],"categories":[49],"tags":[],"_links":{"self":[{"href":"https:\/\/www.cronacaonline.it\/index.php\/wp-json\/wp\/v2\/posts\/88180"}],"collection":[{"href":"https:\/\/www.cronacaonline.it\/index.php\/wp-json\/wp\/v2\/posts"}],"about":[{"href":"https:\/\/www.cronacaonline.it\/index.php\/wp-json\/wp\/v2\/types\/post"}],"author":[{"embeddable":true,"href":"https:\/\/www.cronacaonline.it\/index.php\/wp-json\/wp\/v2\/users\/2"}],"replies":[{"embeddable":true,"href":"https:\/\/www.cronacaonline.it\/index.php\/wp-json\/wp\/v2\/comments?post=88180"}],"version-history":[{"count":0,"href":"https:\/\/www.cronacaonline.it\/index.php\/wp-json\/wp\/v2\/posts\/88180\/revisions"}],"wp:attachment":[{"href":"https:\/\/www.cronacaonline.it\/index.php\/wp-json\/wp\/v2\/media?parent=88180"}],"wp:term":[{"taxonomy":"category","embeddable":true,"href":"https:\/\/www.cronacaonline.it\/index.php\/wp-json\/wp\/v2\/categories?post=88180"},{"taxonomy":"post_tag","embeddable":true,"href":"https:\/\/www.cronacaonline.it\/index.php\/wp-json\/wp\/v2\/tags?post=88180"}],"curies":[{"name":"wp","href":"https:\/\/api.w.org\/{rel}","templated":true}]}}