{"id":88114,"date":"2012-04-18T15:14:00","date_gmt":"2012-04-18T14:14:00","guid":{"rendered":"http:\/\/www.cronacaonline.it\/public\/content\/index.php\/18\/04\/2012\/la-commissione-cultura-approva-allunanimita--il-pl-296--147fondo-di-garanzia-per-le-associazioni-sportive-dilettantistiche"},"modified":"2012-04-18T15:14:00","modified_gmt":"2012-04-18T14:14:00","slug":"la-commissione-cultura-approva-allunanimita-il-pl-296-147fondo-di-garanzia-per-le-associazioni-sportive-dilettantistiche","status":"publish","type":"post","link":"https:\/\/www.cronacaonline.it\/index.php\/2012\/04\/18\/la-commissione-cultura-approva-allunanimita-il-pl-296-147fondo-di-garanzia-per-le-associazioni-sportive-dilettantistiche\/","title":{"rendered":"La commissione Cultura approva all\u2019unanimit\u00e0  il PL 296  \u0093Fondo di garanzia per le associazioni sportive dilettantistiche."},"content":{"rendered":"<p>La soddisfazione del Presidente Carlo Sanjust che auspica l<span style='mso-bidi-font-family: \"Times New Roman\";'>\u2019<\/span>approvazione della leggeda parte del Consiglio&nbsp;&nbsp;nel pi\u00f9 breve tempo possibile.&nbsp;&nbsp;<\/p>\n<p>La commissione Cultura, presieduta da Carlo Sanjust, haapprovato all<span style='mso-bidi-font-family: \"Times New Roman\";'>\u2019<\/span>unanimit\u00e0il PL 296 <span style='mso-bidi-font-family: \"Times New Roman\";'>&#8220;<\/span>Fondo digaranzia per le associazioni sportive dilettantistiche.<\/p>\n<p>Con l<span style='mso-bidi-font-family: \"Times New Roman\";'>\u2019<\/span>istituzionedi questo fondo, che sar\u00e0 gestito dalla Sfirs,&nbsp;&nbsp;si potranno aiutarele associazioni sportive dilettantistiche che si trovano in difficolt\u00e0finanziarie.<\/p>\n<p>Due le novit\u00e0 principali apportate dalla commissione altesto della legge: potranno accedere ai finanziamenti le associazioni conpersonalit\u00e0 giuridica&nbsp;&nbsp;che abbiano almeno 35 anni di anzianit\u00e0 (e nonpi\u00f9 50 come nel testo precedente) e che abbiano&nbsp;&nbsp;un numero minimo diatleti minori iscritti.&nbsp;&nbsp;Questo numero sar\u00e0 determinatosuccessivamente dalla giunta regionale.&nbsp;<\/p>\n<p>Grande soddisfazione \u00e8 stata espressa dal presidente dellacommissione Cultura Carlo Sanjust che ha sottolineato la collaborazione daparte di tutte le forze politiche di maggioranza e opposizione all<span style='mso-bidi-font-family: \"Times New Roman\";'>\u2019<\/span>elaborazione del testoche consentir\u00e0 alle associazioni sportive dilettantistiche, che potrannoaccedere ai finanziamenti, di proseguire la loro attivit\u00e0 importantissima nonsolo ai fini sportivi ma anche sociali<\/p>\n<p>Auspico - ha detto Carlo Sanjust - che la legge approvataall<span style='mso-bidi-font-family: \"Times New Roman\";'>\u2019<\/span>unanimit\u00e0 incommissione , di cui c<span style='mso-bidi-font-family: \"Times New Roman\";'>\u2019<\/span>\u00e8estrema necessit\u00e0,&nbsp;&nbsp;&nbsp;sia inserita al pi\u00f9 presto&nbsp;&nbsp;all<span style='mso-bidi-font-family: \"Times New Roman\";'>\u2019<\/span>ordine del giorno del&nbsp;&nbsp;Consiglioregionale e sia approvata prima possibile&nbsp;&nbsp;per dare una risposta allerichieste del mondo sportivo dilettantistico sardo.<\/p>\n","protected":false},"excerpt":{"rendered":"<p>La soddisfazione del Presidente Carlo Sanjust che auspica l\u2019approvazione della leggeda parte del Consiglio&nbsp;&nbsp;nel pi\u00f9 breve tempo possibile.&nbsp;&nbsp; La commissione Cultura, presieduta da Carlo Sanjust,&#8230;<\/p>\n","protected":false},"author":2,"featured_media":0,"comment_status":"closed","ping_status":"closed","sticky":false,"template":"","format":"standard","meta":[],"categories":[49],"tags":[],"_links":{"self":[{"href":"https:\/\/www.cronacaonline.it\/index.php\/wp-json\/wp\/v2\/posts\/88114"}],"collection":[{"href":"https:\/\/www.cronacaonline.it\/index.php\/wp-json\/wp\/v2\/posts"}],"about":[{"href":"https:\/\/www.cronacaonline.it\/index.php\/wp-json\/wp\/v2\/types\/post"}],"author":[{"embeddable":true,"href":"https:\/\/www.cronacaonline.it\/index.php\/wp-json\/wp\/v2\/users\/2"}],"replies":[{"embeddable":true,"href":"https:\/\/www.cronacaonline.it\/index.php\/wp-json\/wp\/v2\/comments?post=88114"}],"version-history":[{"count":0,"href":"https:\/\/www.cronacaonline.it\/index.php\/wp-json\/wp\/v2\/posts\/88114\/revisions"}],"wp:attachment":[{"href":"https:\/\/www.cronacaonline.it\/index.php\/wp-json\/wp\/v2\/media?parent=88114"}],"wp:term":[{"taxonomy":"category","embeddable":true,"href":"https:\/\/www.cronacaonline.it\/index.php\/wp-json\/wp\/v2\/categories?post=88114"},{"taxonomy":"post_tag","embeddable":true,"href":"https:\/\/www.cronacaonline.it\/index.php\/wp-json\/wp\/v2\/tags?post=88114"}],"curies":[{"name":"wp","href":"https:\/\/api.w.org\/{rel}","templated":true}]}}