{"id":88097,"date":"2012-04-26T15:14:00","date_gmt":"2012-04-26T14:14:00","guid":{"rendered":"http:\/\/www.cronacaonline.it\/public\/content\/index.php\/26\/04\/2012\/arrestato-giovane-olbiese-per-furto"},"modified":"2012-04-26T15:14:00","modified_gmt":"2012-04-26T14:14:00","slug":"arrestato-giovane-olbiese-per-furto","status":"publish","type":"post","link":"https:\/\/www.cronacaonline.it\/index.php\/2012\/04\/26\/arrestato-giovane-olbiese-per-furto\/","title":{"rendered":"Arrestato giovane olbiese per furto"},"content":{"rendered":"<p>Ieri pomeriggio, intorno alle 16.00, in localit\u00e0 \u201cLeSaline\u201d, i carabinieri della Sezione radiomobile del Reparto Territoriale diOlbia hanno tratto in arresto per furto Angelo Carta, 38 anni, disoccupato delposto.<\/p>\n<p>L\u2019uomo, con l\u2019aiuto di un complice, ha infranto il cristallodi un\u2019autovettura di propriet\u00e0 di una donna della citt\u00e0 e si \u00e8 impossessato diuna borsa contenente una cinquantina di euro e carte di credito.<\/p>\n<p>Subito dopo i due hanno forzato la saracinesca di un garageall\u2019interno di un piccolo condominio, per impossessarsi di strumenti ed utensilidi un artigiano. Questi, uditi rumori anomali, ha chiamato il 112.<\/p>\n<p>In pochi minuti \u00e8 giunta una pattuglia dell\u2019Arma che \u00e8 poiriuscita a bloccare Carta, mentre il suo complice, che \u00e8 stato riconosciuto, \u00e8fuggito.<\/p>\n<p>I militari hanno recuperato la borsa della donna con tuttoil suo contenuto, cos\u00ec come gli utensili. Il giovane, quindi \u00e8 stato dichiaratoin arresto e condotto presso la sua abitazione, in attesa dell\u2019udienza diconvalida; il suo complice \u00e8 ricercato.<\/p>\n","protected":false},"excerpt":{"rendered":"<p>Ieri pomeriggio, intorno alle 16.00, in localit\u00e0 \u201cLeSaline\u201d, i carabinieri della Sezione radiomobile del Reparto Territoriale diOlbia hanno tratto in arresto per furto Angelo Carta,&#8230;<\/p>\n","protected":false},"author":2,"featured_media":0,"comment_status":"closed","ping_status":"closed","sticky":false,"template":"","format":"standard","meta":[],"categories":[49],"tags":[],"_links":{"self":[{"href":"https:\/\/www.cronacaonline.it\/index.php\/wp-json\/wp\/v2\/posts\/88097"}],"collection":[{"href":"https:\/\/www.cronacaonline.it\/index.php\/wp-json\/wp\/v2\/posts"}],"about":[{"href":"https:\/\/www.cronacaonline.it\/index.php\/wp-json\/wp\/v2\/types\/post"}],"author":[{"embeddable":true,"href":"https:\/\/www.cronacaonline.it\/index.php\/wp-json\/wp\/v2\/users\/2"}],"replies":[{"embeddable":true,"href":"https:\/\/www.cronacaonline.it\/index.php\/wp-json\/wp\/v2\/comments?post=88097"}],"version-history":[{"count":0,"href":"https:\/\/www.cronacaonline.it\/index.php\/wp-json\/wp\/v2\/posts\/88097\/revisions"}],"wp:attachment":[{"href":"https:\/\/www.cronacaonline.it\/index.php\/wp-json\/wp\/v2\/media?parent=88097"}],"wp:term":[{"taxonomy":"category","embeddable":true,"href":"https:\/\/www.cronacaonline.it\/index.php\/wp-json\/wp\/v2\/categories?post=88097"},{"taxonomy":"post_tag","embeddable":true,"href":"https:\/\/www.cronacaonline.it\/index.php\/wp-json\/wp\/v2\/tags?post=88097"}],"curies":[{"name":"wp","href":"https:\/\/api.w.org\/{rel}","templated":true}]}}