{"id":88088,"date":"2012-03-09T15:14:00","date_gmt":"2012-03-09T14:14:00","guid":{"rendered":"http:\/\/www.cronacaonline.it\/public\/content\/index.php\/09\/03\/2012\/fiom-in-corteo-ci-sono-idv-sel-e-i-no-tav-ma-non-il-pd"},"modified":"2012-03-09T15:14:00","modified_gmt":"2012-03-09T14:14:00","slug":"fiom-in-corteo-ci-sono-idv-sel-e-i-no-tav-ma-non-il-pd","status":"publish","type":"post","link":"https:\/\/www.cronacaonline.it\/index.php\/2012\/03\/09\/fiom-in-corteo-ci-sono-idv-sel-e-i-no-tav-ma-non-il-pd\/","title":{"rendered":"Fiom in corteo: ci sono Idv, Sel e i No Tav ma non il Pd"},"content":{"rendered":"<p><SPAN style=\"FONT-FAMILY: 'Verdana','sans-serif'; mso-fareast-language: IT\">No alla cura Marchionne, no a Federmeccanica che esclude le rappresentanze sindacali in fabbrica e mette in discussione il contratto nazionale di settore. Ma anche no a alla riforma dell'art.18 sollecitata dal governo Monti. Queste le ragioni della manifestazione nazionale indetta a Roma dalla Fiom-Cgil, 'Democrazia al lavor\u00f2, promossa in occasione dello sciopero generale di otto ore proclamato in tutta Italia.&nbsp;<\/SPAN><\/p>\n<p><SPAN style=\"FONT-FAMILY: 'Verdana','sans-serif'; mso-fareast-language: IT\">L'ad Fiat, ha detto&nbsp;il leader&nbsp;Fiom Maurizio Landini, \"si&nbsp;renda disponibile a riaprire una&nbsp;trattativa vera, a fare investimenti concreti in Italia e&nbsp;soprattutto a garantire le libert\u00e0 sindacali' \". E poi, la \"smetta di avere un atteggiamento autoritario. E'&nbsp;una logica sbagliata, che non va da nessuna parte'.<\/SPAN><\/p>\n<p><SPAN style=\"FONT-FAMILY: 'Verdana','sans-serif'; mso-fareast-language: IT\">Sulla mancata adesione del Pd allo&nbsp;sciopero della Fiom, Bersani&nbsp;chiarisce: \"Il Pd non aderisce a scioperi. Non siamo insensibili&nbsp;alla protesta della Fiom quando chiede la democrazia in fabbrica&nbsp;e denuncia discriminazioni inaccettabili contro i sindacati che&nbsp;non firmano gli accordi come a Pomigliano\". Ma il Pd \u00e8 diviso da&nbsp;Landini sul \"giudizio tranchant sul governo Monti e la scelta No&nbsp;Tav. Che mi pare esuli un po' dalle piste sindacali\".<\/SPAN><\/p>\n<p><SPAN style=\"FONT-FAMILY: 'Verdana','sans-serif'; mso-fareast-language: IT\">\"Penso che chiunque non sia venuto qui oggi&nbsp;abbia perso qualcosa di importante\", ribatte dal corteo il leader di Sel, Nichi Vendola:&nbsp;\"Oggi qui c'\u00e8 molto popolo democratico e questa \u00e8&nbsp;la cosa pi\u00f9 importante- ha detto ancora Vendola- non possiamo&nbsp;pensare di salvare il paese senza un'alleanza con questo popolo\".<\/SPAN><\/p>\n<p><SPAN style=\"FONT-FAMILY: 'Verdana','sans-serif'; mso-fareast-language: IT\">\"Se uno mi dice qual \u00e8 la tua coalizione, lasciamo da parte&nbsp;le sigle, la mia coalizione \u00e8 questa qua\".<\/SPAN><\/p>\n<p><SPAN style=\"FONT-FAMILY: 'Verdana','sans-serif'; mso-fareast-language: IT\">Le tute blu della Cgil si muovono da piazza della Repubblica, per raggiungere in corteo piazza San Giovanni, dove la manifestazione si conclude con il discorso del segretario generale, Maurizio Landini. All'iniziativa hanno aderito i no Tav, i movimenti a difesa dell'acqua pubblica, ma anche l'Italia dei valori e Sel, mentre non parteciperanno esponenti del Partito democratico, dopo che la segreteria del partito di via del Nazareno ha deciso di disertare per prendere le distanze dalle posizioni della Fiom e dei no Tav sulla realizzazione della linea ad alta velocita Torino-Lione. Oltre a Landini, sul palco, interverra anche il segretario confederale della Cgil, Vincenzo Scudiere, che sostituisce il leader del sindacato, Susanna Camusso, a New York per partecipare a un'iniziativa dell'Onu. E poi spazio al presidente della comunita montana della Val Susa e Sangone, Sandro Plano, al presidente del sindacato dei metalmeccanici della Grecia, Yannis Stefanopoulos, ad un operaio immigrato e ad alcuni lavoratori metalmeccanici di Fiat, Fincantieri e Finmeccanica, oltre che ad alcuni esponenti del mondo della cultura.<\/SPAN><\/p>\n","protected":false},"excerpt":{"rendered":"<p>No alla cura Marchionne, no a Federmeccanica che esclude le rappresentanze sindacali in fabbrica e mette in discussione il contratto nazionale di settore. Ma anche&#8230;<\/p>\n","protected":false},"author":2,"featured_media":0,"comment_status":"closed","ping_status":"closed","sticky":false,"template":"","format":"standard","meta":[],"categories":[49],"tags":[],"_links":{"self":[{"href":"https:\/\/www.cronacaonline.it\/index.php\/wp-json\/wp\/v2\/posts\/88088"}],"collection":[{"href":"https:\/\/www.cronacaonline.it\/index.php\/wp-json\/wp\/v2\/posts"}],"about":[{"href":"https:\/\/www.cronacaonline.it\/index.php\/wp-json\/wp\/v2\/types\/post"}],"author":[{"embeddable":true,"href":"https:\/\/www.cronacaonline.it\/index.php\/wp-json\/wp\/v2\/users\/2"}],"replies":[{"embeddable":true,"href":"https:\/\/www.cronacaonline.it\/index.php\/wp-json\/wp\/v2\/comments?post=88088"}],"version-history":[{"count":0,"href":"https:\/\/www.cronacaonline.it\/index.php\/wp-json\/wp\/v2\/posts\/88088\/revisions"}],"wp:attachment":[{"href":"https:\/\/www.cronacaonline.it\/index.php\/wp-json\/wp\/v2\/media?parent=88088"}],"wp:term":[{"taxonomy":"category","embeddable":true,"href":"https:\/\/www.cronacaonline.it\/index.php\/wp-json\/wp\/v2\/categories?post=88088"},{"taxonomy":"post_tag","embeddable":true,"href":"https:\/\/www.cronacaonline.it\/index.php\/wp-json\/wp\/v2\/tags?post=88088"}],"curies":[{"name":"wp","href":"https:\/\/api.w.org\/{rel}","templated":true}]}}