{"id":88086,"date":"2012-03-20T15:14:00","date_gmt":"2012-03-20T14:14:00","guid":{"rendered":"http:\/\/www.cronacaonline.it\/public\/content\/index.php\/20\/03\/2012\/uetirrenia-uggias-idv-richiede-a-cappellacci-e-a-passera-una-conferenza-dei-servizi"},"modified":"2012-03-20T15:14:00","modified_gmt":"2012-03-20T14:14:00","slug":"uetirrenia-uggias-idv-richiede-a-cappellacci-e-a-passera-una-conferenza-dei-servizi","status":"publish","type":"post","link":"https:\/\/www.cronacaonline.it\/index.php\/2012\/03\/20\/uetirrenia-uggias-idv-richiede-a-cappellacci-e-a-passera-una-conferenza-dei-servizi\/","title":{"rendered":"UE\/Tirrenia: Uggias (IdV) richiede a Cappellacci e a Passera una conferenza dei servizi"},"content":{"rendered":"<p><span style='font-family: \"Verdana\",\"sans-serif\"; mso-fareast-language: IT; mso-bidi-font-style: italic;'>L'Europarlamentare sardo, Uggias, in una lettere chiede ai&nbsp;duerappresentanti istituzionali Cappellacci, presidente della Regione Sardegna e Passera, un sollecito&nbsp;incontro urgente sul casoTirrenia.<\/span><\/p>\n<p><span style='font-family: \"Verdana\",\"sans-serif\"; mso-fareast-language: IT; mso-bidi-font-style: italic;'>Il parlamentare sardo scrive: <\/span><span style='font-family: \"Verdana\",\"sans-serif\"; mso-fareast-language: IT;'>\"<i>Il Governatore della Sardegna Cappellacci e il Ministro Passera siattivino per organizzare una conferenza dei servizi sul caso Tirrenia,prendendo atto del fatto che la proposta di acquisizione della CIN si \u00e8 arenatasugli scogli della normativa europea sulla concorrenza, come ampiamenteanticipato fin dai primi atti di partecipazione alla gara<\/i>\". L'appelloarriva da Giommaria Uggias, parlamentare europeo dell'Italia dei Valori, chegi\u00e0 dall'anno scorso aveva avanzato tale richiesta all'allora Ministro dei TrasportiAltiero Matteoli.<\/span><\/p>\n<p><span style='font-family: \"Verdana\",\"sans-serif\"; mso-fareast-language: IT;'>\"<i>Occorre concordare la convocazione di un tavolo di discussione<\/i>&nbsp;-&nbsp;aggiunge l'Eurodeputato sardo nella lettera&nbsp;indirizzata ai due rappresentantiistituzionali&nbsp;-&nbsp;<i>per affrontare con la massima urgenza il tema deicollegamenti tra l'Isola e l'Italia continentale. Sono a rischio il dirittoalla mobilit\u00e0 da e per l'Isola, nonch\u00e9 l'intera stagione turistica nel contestodi un'economia gi\u00e0 fortemente&nbsp;&nbsp;provata dal calo del 20% di presenzeregistrato lo scorso anno<\/i>\".<\/span><\/p>\n<p><span style='font-family: \"Verdana\",\"sans-serif\"; mso-fareast-language: IT;'>In primo luogo, continua Uggias: \"<i>\u00c8 necessario rivedere l'accordoStato-Tirrenia e liberare le risorse, i 72 milioni di euro annui, per abbatterei costi a&nbsp;&nbsp;favore di chi realmente garantir\u00e0 la continuit\u00e0territoriale delle persone e delle merci<\/i>.&nbsp;<i>Allo stesso tempo bisognaporre fine alla dannosa scelta della flotta sarda che sar\u00e0 un ennesimo edisastroso bagno di sangue per le casse della Regione sarda<\/i>\".<\/span><\/p>\n<p><span style='font-family: \"Verdana\",\"sans-serif\"; mso-fareast-language: IT;'>\"<i>La situazione non \u00e8 pi\u00f9 tollerabile: se non si trova una soluzionealla questione, non solo circa 1500 dipendenti di Tirrenia perderanno illavoro, ma anche e soprattutto i cittadini italiani e gli abitanti dellaSardegna in primis, si ritroveranno ad essere privati del loro diritto allamobilit\u00e0. La condanna della fusione tra Cin e Tirrenia \u00e8 ormai cosa certa<\/i>&nbsp;-chiosa Uggias -&nbsp;<i>e del resto c'era da aspettarselo<\/i>\". Com-bs<\/span><\/p>\n<p><span style='font-family: \"Verdana\",\"sans-serif\"; mso-fareast-language: IT;'><\/span>&nbsp;<\/p>\n<p><span style='font-family: \"Verdana\",\"sans-serif\"; mso-fareast-language: IT;'>&nbsp;<\/span><\/p>\n","protected":false},"excerpt":{"rendered":"<p>L&#8217;Europarlamentare sardo, Uggias, in una lettere chiede ai&nbsp;duerappresentanti istituzionali Cappellacci, presidente della Regione Sardegna e Passera, un sollecito&nbsp;incontro urgente sul casoTirrenia. Il parlamentare sardo scrive:&#8230;<\/p>\n","protected":false},"author":2,"featured_media":0,"comment_status":"closed","ping_status":"closed","sticky":false,"template":"","format":"standard","meta":[],"categories":[49],"tags":[],"_links":{"self":[{"href":"https:\/\/www.cronacaonline.it\/index.php\/wp-json\/wp\/v2\/posts\/88086"}],"collection":[{"href":"https:\/\/www.cronacaonline.it\/index.php\/wp-json\/wp\/v2\/posts"}],"about":[{"href":"https:\/\/www.cronacaonline.it\/index.php\/wp-json\/wp\/v2\/types\/post"}],"author":[{"embeddable":true,"href":"https:\/\/www.cronacaonline.it\/index.php\/wp-json\/wp\/v2\/users\/2"}],"replies":[{"embeddable":true,"href":"https:\/\/www.cronacaonline.it\/index.php\/wp-json\/wp\/v2\/comments?post=88086"}],"version-history":[{"count":0,"href":"https:\/\/www.cronacaonline.it\/index.php\/wp-json\/wp\/v2\/posts\/88086\/revisions"}],"wp:attachment":[{"href":"https:\/\/www.cronacaonline.it\/index.php\/wp-json\/wp\/v2\/media?parent=88086"}],"wp:term":[{"taxonomy":"category","embeddable":true,"href":"https:\/\/www.cronacaonline.it\/index.php\/wp-json\/wp\/v2\/categories?post=88086"},{"taxonomy":"post_tag","embeddable":true,"href":"https:\/\/www.cronacaonline.it\/index.php\/wp-json\/wp\/v2\/tags?post=88086"}],"curies":[{"name":"wp","href":"https:\/\/api.w.org\/{rel}","templated":true}]}}