{"id":88084,"date":"2012-03-08T15:14:00","date_gmt":"2012-03-08T14:14:00","guid":{"rendered":"http:\/\/www.cronacaonline.it\/public\/content\/index.php\/08\/03\/2012\/parco-fluviale-del-padrongianus-dalla-neve-sboccia-la-primavera-e-si-riparte-con-un-ricco-calendario-di-attivita"},"modified":"2012-03-08T15:14:00","modified_gmt":"2012-03-08T14:14:00","slug":"parco-fluviale-del-padrongianus-dalla-neve-sboccia-la-primavera-e-si-riparte-con-un-ricco-calendario-di-attivita","status":"publish","type":"post","link":"https:\/\/www.cronacaonline.it\/index.php\/2012\/03\/08\/parco-fluviale-del-padrongianus-dalla-neve-sboccia-la-primavera-e-si-riparte-con-un-ricco-calendario-di-attivita\/","title":{"rendered":"Parco fluviale del Padrongianus: dalla neve sboccia la primavera e si riparte con un ricco calendario di attivit\u00e0."},"content":{"rendered":"<p><SPAN style=\"FONT-FAMILY: 'Verdana','sans-serif'\">Dopo l'eccezionale nevicata che per una giornata poche settimane fa ha fatto assumere sembianze alpine al Parco fluviale del Padrongianus, ecco finalmente i primi giorni di un tiepido sole che ci ricordano che con l'arrivo della primavera \u00e8 il luogo ideale per praticare attivit\u00e0, movimento e sport all\u2019aria aperta. Dalla semplice passeggiata al trekking leggero, dalla mountain bike alla canoa. Di facile accesso, il parco \u00e8 attrezzato anche per i pi\u00f9 piccini, con un area giochi dedicata e un ricco calendario di attivit\u00e0 e laboratori legati all\u2019educazione ambientale e alla creativit\u00e0, che vede i piccoli visitatori immersi nella natura. <\/SPAN><\/p>\n<p><SPAN style=\"FONT-FAMILY: 'Verdana','sans-serif'\">Diversi sono i modi per fruire, a pochi minuti dalla citt\u00e0, di questa area naturalistica, habitat ideale per diverse specie animali. Lungo i sentieri, ciclabili e pedonali con diversi punti di interesse, oppure a pelo d\u2019acqua, in canoa, \u00e8 possibile osservare uccelli acquatici e piante che offrono riparo sulle rive. Presso il centro servizi gestito dalle societ\u00e0 cooperative Alea e Gea \u00e8 possibile noleggiare bici e canoe, prenotare escursioni con guide escursionistiche ambientali o percorsi di nordic walking con istruttori qualificati, consultare la piccola biblioteca, ricevere informazioni sul parco e le sue iniziative.<\/SPAN><\/p>\n<p><SPAN style=\"FONT-FAMILY: 'Verdana','sans-serif'\">Con la primavera le attivit\u00e0 si intensificano. Per il mese di marzo il calendario prevede laboratori per diverse fasce di et\u00e0, tenuti da operatori specializzati in educazione ambientale. <\/SPAN><\/p>\n<p><SPAN style=\"FONT-FAMILY: 'Verdana','sans-serif'\">Dalla scoperta delle piante e delle erbe in chiave etno-botanica, un laboratorio a pagamento, 8 \u20ac a partecipante, condotto da Caterina Azara sabato 10 Marzo dalle 16:00 alle 19:00 per bambini dai 7 anni di et\u00e0, al riuso di materiale riciclato e naturale per la realizzazione di un eco-collage, laboratorio gratuito per bambini dai 3 ai 5 anni di Nuria Montoya che si svolger\u00e0 venerd\u00ec 16 Marzo dalle 16:00 alle 19:00. <\/SPAN><\/p>\n<p><SPAN style=\"FONT-FAMILY: 'Verdana','sans-serif'\">Oltre alle attivit\u00e0 laboratoriali, in occasione della giornata mondiale dell\u2019acqua, <I style=\"mso-bidi-font-style: normal\">Water Day<\/I> 2012 si organizzano eventi e attivit\u00e0 per sensibilizzare sul consumo critico di questa preziosa risorsa, installazioni con materiali di riuso, laboratori per grandi e piccoli, letture e distribuzione del materiale informativo sul consumo sostenibile dell\u2019acqua. Inoltre, dal 22 al 25 marzo, sar\u00e0 possibile partecipare a diverse attivit\u00e0 sul tema dell\u2019acqua: sabato 24 Marzo dalle 16:00 alle 19:00 ci sar\u00e0 il laboratorio aperto a tutti \u201cDi Acqua, Colori e altre storie\u201d nel corso del quale si creer\u00e0 un grande murale utilizzando la tecnica dell'acquerello. Domenica 25 Marzo sono previste due visite guidate a piedi fino al nuraghe Torra, una al mattino dalle 10:00 alle 12:30 e una al pomeriggio dalle<SPAN style=\"mso-spacerun: yes\">&nbsp; <\/SPAN>16:00 alle 18:30. Sempre domenica 25 Marzo \u00e8 stata organizzata una pagaiata con Francesco Gambella e <I style=\"mso-bidi-font-style: normal\">l\u2019A.S.D. Sardinia Sport &amp; Fun<\/I>, con ritrovo al Parco Fluviale del Padrongianus alle 10:30: la partecipazione \u00e8 gratuita per chi possiede una canoa mentre per gli altri \u00e8 possibile noleggiare la canoa ad un costo di 15\u20ac la singola e 25\u20ac la doppia. L'intero incasso verr\u00e0 devoluto all'organizzazione senza fini di lucro AMREF. <\/SPAN><\/p>\n<p><SPAN style=\"FONT-FAMILY: 'Verdana','sans-serif'\">Sotto l\u2019amministrazione della Provincia di Olbia-Tempio il parco rappresenta inoltre una realt\u00e0 importante anche in tema di sostenibilit\u00e0 ambientale con il suo sistema di pannelli fotovoltaici che soddisfano il fabbisogno energetico del parco e la dotazione di un veicolo fotovoltaico con il quale \u00e8 possibile accompagnare i visitatori per una breve escursione guidata: un\u2019occasione per sensibilizzare sul consumo sostenibile e sull\u2019uso delle energie alternative. <\/SPAN><\/p>\n<p><SPAN style=\"FONT-FAMILY: 'Verdana','sans-serif'\">Il parco fluviale del Padrongianus, con i suoi progetti legati all\u2019educazione e sostenibilit\u00e0 ambientale, fa parte della rete IN.F.E.A (Informazione Formazione ed Educazione Ambientale) della Provincia di Olbia Tempio.<\/SPAN><\/p>\n","protected":false},"excerpt":{"rendered":"<p>Dopo l&#8217;eccezionale nevicata che per una giornata poche settimane fa ha fatto assumere sembianze alpine al Parco fluviale del Padrongianus, ecco finalmente i primi giorni&#8230;<\/p>\n","protected":false},"author":2,"featured_media":0,"comment_status":"closed","ping_status":"closed","sticky":false,"template":"","format":"standard","meta":[],"categories":[49],"tags":[],"_links":{"self":[{"href":"https:\/\/www.cronacaonline.it\/index.php\/wp-json\/wp\/v2\/posts\/88084"}],"collection":[{"href":"https:\/\/www.cronacaonline.it\/index.php\/wp-json\/wp\/v2\/posts"}],"about":[{"href":"https:\/\/www.cronacaonline.it\/index.php\/wp-json\/wp\/v2\/types\/post"}],"author":[{"embeddable":true,"href":"https:\/\/www.cronacaonline.it\/index.php\/wp-json\/wp\/v2\/users\/2"}],"replies":[{"embeddable":true,"href":"https:\/\/www.cronacaonline.it\/index.php\/wp-json\/wp\/v2\/comments?post=88084"}],"version-history":[{"count":0,"href":"https:\/\/www.cronacaonline.it\/index.php\/wp-json\/wp\/v2\/posts\/88084\/revisions"}],"wp:attachment":[{"href":"https:\/\/www.cronacaonline.it\/index.php\/wp-json\/wp\/v2\/media?parent=88084"}],"wp:term":[{"taxonomy":"category","embeddable":true,"href":"https:\/\/www.cronacaonline.it\/index.php\/wp-json\/wp\/v2\/categories?post=88084"},{"taxonomy":"post_tag","embeddable":true,"href":"https:\/\/www.cronacaonline.it\/index.php\/wp-json\/wp\/v2\/tags?post=88084"}],"curies":[{"name":"wp","href":"https:\/\/api.w.org\/{rel}","templated":true}]}}