{"id":88022,"date":"2012-03-07T15:14:00","date_gmt":"2012-03-07T14:14:00","guid":{"rendered":"http:\/\/www.cronacaonline.it\/public\/content\/index.php\/07\/03\/2012\/standard-poors-promuove-loperato-del-governo-monti"},"modified":"2012-03-07T15:14:00","modified_gmt":"2012-03-07T14:14:00","slug":"standard-poors-promuove-loperato-del-governo-monti","status":"publish","type":"post","link":"https:\/\/www.cronacaonline.it\/index.php\/2012\/03\/07\/standard-poors-promuove-loperato-del-governo-monti\/","title":{"rendered":"Standard &#038;Poor&#8217;s promuove l&#8217;operato del governo Monti"},"content":{"rendered":"<p><B style=\"mso-bidi-font-weight: normal\"><SPAN style=\"FONT-FAMILY: 'Verdana','sans-serif'; COLOR: #231f20; mso-font-kerning: 18.0pt\"><\/SPAN><\/B><\/p>\n<p><SPAN style=\"FONT-FAMILY: 'Verdana','sans-serif'; COLOR: #464646\">Fino a pochi giorni fa per Standard &amp; Poor's l\u2019Italia era da buttare. Ora, invece, fa retromarcia ed invece \u00e8 da lodare. Apprezzare in modo conclamato i suoi sacrifici e allo stesso tempo successi che questi stanno creando e produrranno in futuro. Infatti, l'agenzia di rating ha promosso l'operato del governo Monti.<\/SPAN><\/p>\n<p><SPAN style=\"FONT-FAMILY: 'Verdana','sans-serif'; COLOR: #464646\">\u201cSe guardiamo a quello che ha fatto l'Italia in pochi mesi non possiamo che essere sorpresi\u00bb, ha affermato il capo-economista Jean-Michel Six intervenendo durante un convegno durante il Mipim, la fiera dell'immobiliare in corso a Cannes.<\/SPAN><\/p>\n<p><SPAN style=\"FONT-FAMILY: 'Verdana','sans-serif'; COLOR: #464646\"><\/SPAN><SPAN style=\"FONT-FAMILY: 'Verdana','sans-serif'; COLOR: #464646\">Six ha inoltre promosso l'azione del governo Monti anche se \u00abquello che \u00e8 avvenuto nell'ultimo periodo dovr\u00e0 ora ricevere conferme in futuro\u00bb. Tuttavia, rispetto alla situazione di questa estate, \u00abadesso l'Italia sovraperforma\u00bb gli altri Paesi.<\/SPAN><\/p>\n<p><SPAN style=\"FONT-FAMILY: 'Verdana','sans-serif'; COLOR: #464646\">Il nostro Paese \u00e8 quindi un elemento che consente di guardare ai prossimi mesi con qualche ragione di speranza: \u00abIl 2012 sar\u00e0 un altro anno molto pericoloso, dobbiamo vedere cosa succeder\u00e0 sui mercati emergenti, ma non voglio dare un'immagine troppo cupa perch\u00e8 ci sono anche situazioni di positivit\u00e0 come l'Italia\u00bb.<\/SPAN><\/p>\n<p><SPAN style=\"FONT-FAMILY: 'Verdana','sans-serif'; COLOR: #464646\"><\/SPAN>&nbsp;<\/p>\n","protected":false},"excerpt":{"rendered":"<p>Fino a pochi giorni fa per Standard &amp; Poor&#8217;s l\u2019Italia era da buttare. Ora, invece, fa retromarcia ed invece \u00e8 da lodare. Apprezzare in modo&#8230;<\/p>\n","protected":false},"author":2,"featured_media":0,"comment_status":"closed","ping_status":"closed","sticky":false,"template":"","format":"standard","meta":[],"categories":[49],"tags":[],"_links":{"self":[{"href":"https:\/\/www.cronacaonline.it\/index.php\/wp-json\/wp\/v2\/posts\/88022"}],"collection":[{"href":"https:\/\/www.cronacaonline.it\/index.php\/wp-json\/wp\/v2\/posts"}],"about":[{"href":"https:\/\/www.cronacaonline.it\/index.php\/wp-json\/wp\/v2\/types\/post"}],"author":[{"embeddable":true,"href":"https:\/\/www.cronacaonline.it\/index.php\/wp-json\/wp\/v2\/users\/2"}],"replies":[{"embeddable":true,"href":"https:\/\/www.cronacaonline.it\/index.php\/wp-json\/wp\/v2\/comments?post=88022"}],"version-history":[{"count":0,"href":"https:\/\/www.cronacaonline.it\/index.php\/wp-json\/wp\/v2\/posts\/88022\/revisions"}],"wp:attachment":[{"href":"https:\/\/www.cronacaonline.it\/index.php\/wp-json\/wp\/v2\/media?parent=88022"}],"wp:term":[{"taxonomy":"category","embeddable":true,"href":"https:\/\/www.cronacaonline.it\/index.php\/wp-json\/wp\/v2\/categories?post=88022"},{"taxonomy":"post_tag","embeddable":true,"href":"https:\/\/www.cronacaonline.it\/index.php\/wp-json\/wp\/v2\/tags?post=88022"}],"curies":[{"name":"wp","href":"https:\/\/api.w.org\/{rel}","templated":true}]}}