{"id":88017,"date":"2012-03-09T15:14:00","date_gmt":"2012-03-09T14:14:00","guid":{"rendered":"http:\/\/www.cronacaonline.it\/public\/content\/index.php\/09\/03\/2012\/olbia-cappellacci-dopo-vittoria-contro-tassa-di-stazionamento-avanti-su-distretto-della-nautica"},"modified":"2012-03-09T15:14:00","modified_gmt":"2012-03-09T14:14:00","slug":"olbia-cappellacci-dopo-vittoria-contro-tassa-di-stazionamento-avanti-su-distretto-della-nautica","status":"publish","type":"post","link":"https:\/\/www.cronacaonline.it\/index.php\/2012\/03\/09\/olbia-cappellacci-dopo-vittoria-contro-tassa-di-stazionamento-avanti-su-distretto-della-nautica\/","title":{"rendered":"Olbia, Cappellacci: \u201cdopo vittoria contro tassa di stazionamento, avanti su distretto della nautica\u201d."},"content":{"rendered":"<p><P style=\"MARGIN: 0cm 0cm 10pt\" class=MsoNormal><SPAN style=\"LINE-HEIGHT: 115%; FONT-FAMILY: 'Verdana','sans-serif'; BACKGROUND: white; FONT-SIZE: 12pt; mso-bidi-font-family: Arial\"><\/SPAN><\/p>\n<p><SPAN style=\"LINE-HEIGHT: 115%; FONT-FAMILY: 'Verdana','sans-serif'; BACKGROUND: white; FONT-SIZE: 12pt; mso-bidi-font-family: Arial\">\u201cLa nautica - ha aggiunto - proprio nella citt\u00e0 di Olbia \u00e8 al centro di una politica condivisa con il territorio e di importanti investimenti. L\u2019Accordo di Programma siglato con il Comune e con il CIPNES ha lo scopo di accrescere la competitivit\u00e0 del sistema nautico della Gallura, in coerenza con gli obiettivi indicati dal Programma Regionale di Sviluppo della Regione Sardegna. Il progetto - ha proseguito il Capo dell\u2019esecutivo - prevede la realizzazione di una nuova infrastruttura quale I lotto funzionale che ospiter\u00e0 il Centro Multifunzionale P.T.E., a servizio del distretto della nautica di Olbia. L\u2019intervento \u00e8 finalizzato a dotare la citt\u00e0 di un polo capace di incrementare la ricettivit\u00e0, la diversificazione dei flussi turistici, l\u2019offerta culturale e la qualit\u00e0 dei servizi per la comunit\u00e0. Verr\u00e0 realizzata una struttura dotata di grande flessibilit\u00e0, articolata in sale e ambienti espositivi mobili che consentano volta per volta una diversa organizzazione dello spazio, pensato come un continuum modulare adatto ad allestimenti variabili per le funzioni congressuali ed espositive.<\/SPAN><\/p>\n<p><SPAN style=\"LINE-HEIGHT: 115%; FONT-FAMILY: 'Verdana','sans-serif'; BACKGROUND: white; FONT-SIZE: 12pt; mso-bidi-font-family: Arial\">Le risorse finanziarie a disposizione per l\u2019attuazione del primo lotto funzionale ricompreso nell\u2019Accordo - ha concluso Cappellacci - a valere sul Fondo per il finanziamento di infrastrutture e servizi correlati allo sviluppo delle attivit\u00e0 produttive, in attuazione dell\u2019art. 5 comma 1 della Legge Regionale n. 5 del 28\/12\/2009, sono le seguenti: \u20ac 15.130.000,00 di cui 15 milioni di risorse della Regione, e 130 mila euro di cofinanziamento da parte del soggetto attuatore\u201d. Com<\/SPAN><\/p>\n","protected":false},"excerpt":{"rendered":"<p>\u201cLa nautica &#8211; ha aggiunto &#8211; proprio nella citt\u00e0 di Olbia \u00e8 al centro di una politica condivisa con il territorio e di importanti investimenti.&#8230;<\/p>\n","protected":false},"author":2,"featured_media":0,"comment_status":"closed","ping_status":"closed","sticky":false,"template":"","format":"standard","meta":[],"categories":[49],"tags":[],"_links":{"self":[{"href":"https:\/\/www.cronacaonline.it\/index.php\/wp-json\/wp\/v2\/posts\/88017"}],"collection":[{"href":"https:\/\/www.cronacaonline.it\/index.php\/wp-json\/wp\/v2\/posts"}],"about":[{"href":"https:\/\/www.cronacaonline.it\/index.php\/wp-json\/wp\/v2\/types\/post"}],"author":[{"embeddable":true,"href":"https:\/\/www.cronacaonline.it\/index.php\/wp-json\/wp\/v2\/users\/2"}],"replies":[{"embeddable":true,"href":"https:\/\/www.cronacaonline.it\/index.php\/wp-json\/wp\/v2\/comments?post=88017"}],"version-history":[{"count":0,"href":"https:\/\/www.cronacaonline.it\/index.php\/wp-json\/wp\/v2\/posts\/88017\/revisions"}],"wp:attachment":[{"href":"https:\/\/www.cronacaonline.it\/index.php\/wp-json\/wp\/v2\/media?parent=88017"}],"wp:term":[{"taxonomy":"category","embeddable":true,"href":"https:\/\/www.cronacaonline.it\/index.php\/wp-json\/wp\/v2\/categories?post=88017"},{"taxonomy":"post_tag","embeddable":true,"href":"https:\/\/www.cronacaonline.it\/index.php\/wp-json\/wp\/v2\/tags?post=88017"}],"curies":[{"name":"wp","href":"https:\/\/api.w.org\/{rel}","templated":true}]}}