{"id":88004,"date":"2012-03-27T15:14:00","date_gmt":"2012-03-27T14:14:00","guid":{"rendered":"http:\/\/www.cronacaonline.it\/public\/content\/index.php\/27\/03\/2012\/rimborsi-elettorali-uggias-idvrimborsi-elettorali-sospesi-a-poco-piu-di-un-mese-dal-voto-decisione-iniqua-e-fuori-tempo"},"modified":"2012-03-27T15:14:00","modified_gmt":"2012-03-27T14:14:00","slug":"rimborsi-elettorali-uggias-idvrimborsi-elettorali-sospesi-a-poco-piu-di-un-mese-dal-voto-decisione-iniqua-e-fuori-tempo","status":"publish","type":"post","link":"https:\/\/www.cronacaonline.it\/index.php\/2012\/03\/27\/rimborsi-elettorali-uggias-idvrimborsi-elettorali-sospesi-a-poco-piu-di-un-mese-dal-voto-decisione-iniqua-e-fuori-tempo\/","title":{"rendered":"Rimborsi Elettorali: Uggias (IdV):&#8221;Rimborsi elettorali sospesi a poco pi\u00f9 di un mese dal voto: decisione iniqua e fuori tempo&#8221;"},"content":{"rendered":"<p>\"Apprendiamo&nbsp;oggi da una comunicazione ufficialedella Regione che saranno sospesi i rimborsi elettorali per i sardi che vivonoall'estero. E' inaccettabile, soprattutto se si pensa che la decisione giunge apoco tempo dalla data delle votazioni. Tanti sardi che vivono all'estero hannogi\u00e0 fatto i biglietti, unicamente per esercitare un loro diritto, quello divotare. E ora si trovano a dover coprire direttamente le spese di viaggio, che,come ben sappiamo, sono spesso onerose\". Questo il commento dell'OnorevoleGiommaria Uggias, parlamentare europeo&nbsp;&nbsp;dell'Italia dei Valori a marginedella sospensione dei rimborsi elettorali per gli emigrati sardi annunciatadalla Regione Sardegna.<\/p>\n<p>\"Nell'avviso trasmesso dall'Assessorato regionale degliAffari Generali - spiega il deputato sardo - viene spiegato che lasospensione&nbsp;&nbsp;si \u00e9 resa necessaria in quanto i fondi di bilanciostanziati per il 2012 non sono sufficienti a far fronte all'erogazione dicontributi. Non si tiene per\u00f2 conto del fatto che molti dei sardi emigratiall'estero, non lo sono per scelta ma per necessit\u00e0, necessit\u00e0 di un lavoro chein Sardegna \u00e9 sempre pi\u00f9 difficile da ottenere.\"<\/p>\n<p>\"Faccio pertanto appello alla Regione e al PresidenteCappellacci - conclude Uggias - affinch\u00e9 ritiri questa sospensione, perch\u00e9 isardi che si trovano all'estero hanno diritto a votare esattamente come quelliche vivono in Sardegna\". Com<\/p>\n","protected":false},"excerpt":{"rendered":"<p>&#8220;Apprendiamo&nbsp;oggi da una comunicazione ufficialedella Regione che saranno sospesi i rimborsi elettorali per i sardi che vivonoall&#8217;estero. E&#8217; inaccettabile, soprattutto se si pensa che la&#8230;<\/p>\n","protected":false},"author":2,"featured_media":0,"comment_status":"closed","ping_status":"closed","sticky":false,"template":"","format":"standard","meta":[],"categories":[49],"tags":[],"_links":{"self":[{"href":"https:\/\/www.cronacaonline.it\/index.php\/wp-json\/wp\/v2\/posts\/88004"}],"collection":[{"href":"https:\/\/www.cronacaonline.it\/index.php\/wp-json\/wp\/v2\/posts"}],"about":[{"href":"https:\/\/www.cronacaonline.it\/index.php\/wp-json\/wp\/v2\/types\/post"}],"author":[{"embeddable":true,"href":"https:\/\/www.cronacaonline.it\/index.php\/wp-json\/wp\/v2\/users\/2"}],"replies":[{"embeddable":true,"href":"https:\/\/www.cronacaonline.it\/index.php\/wp-json\/wp\/v2\/comments?post=88004"}],"version-history":[{"count":0,"href":"https:\/\/www.cronacaonline.it\/index.php\/wp-json\/wp\/v2\/posts\/88004\/revisions"}],"wp:attachment":[{"href":"https:\/\/www.cronacaonline.it\/index.php\/wp-json\/wp\/v2\/media?parent=88004"}],"wp:term":[{"taxonomy":"category","embeddable":true,"href":"https:\/\/www.cronacaonline.it\/index.php\/wp-json\/wp\/v2\/categories?post=88004"},{"taxonomy":"post_tag","embeddable":true,"href":"https:\/\/www.cronacaonline.it\/index.php\/wp-json\/wp\/v2\/tags?post=88004"}],"curies":[{"name":"wp","href":"https:\/\/api.w.org\/{rel}","templated":true}]}}