{"id":88002,"date":"2012-03-21T15:14:00","date_gmt":"2012-03-21T14:14:00","guid":{"rendered":"http:\/\/www.cronacaonline.it\/public\/content\/index.php\/21\/03\/2012\/le-linee-guida-per-un-nuovo-dipartimento-della-salute-mentale"},"modified":"2012-03-21T15:14:00","modified_gmt":"2012-03-21T14:14:00","slug":"le-linee-guida-per-un-nuovo-dipartimento-della-salute-mentale","status":"publish","type":"post","link":"https:\/\/www.cronacaonline.it\/index.php\/2012\/03\/21\/le-linee-guida-per-un-nuovo-dipartimento-della-salute-mentale\/","title":{"rendered":"Le linee guida per un nuovo dipartimento della salute mentale"},"content":{"rendered":"<p><span style='color: black; font-family: \"Verdana\",\"sans-serif\"; font-size: 14pt;'>Un nuovo dipartimento della Salute mentale, riorganizzato su unmodello che si basa sui percorsi di cura incentrati sulla persona, e non pi\u00f9sulla struttura, quindi l\u2019apertura al Centro unico di prenotazione per gliappuntamenti delle visite. E ancora, l\u2019avvio di una fase sperimentale sulterritorio del distretto di Sassari e la ristrutturazione completa del Serviziopsichiatrico di diagnosi e cura (Spdc) dell\u2019ospedale di Sassari.<\/span><\/p>\n<p><span style='color: black; font-family: \"Verdana\",\"sans-serif\"; font-size: 14pt;'>Sono alcune delle novit\u00e0 annunciate nei giorni scorsi daldirettore generale dell\u2019Asl di Sassari, <b style=\"mso-bidi-font-weight: normal;\">MarcelloGiannico<\/b>, e dal direttore del dipartimento di Salute mentale, <b style=\"mso-bidi-font-weight: normal;\">Donato Posadinu<\/b>, durante la riunioneche si \u00e8 svolta a Rizzeddu nella palazzina H. <b style=\"mso-bidi-font-weight: normal;\">Un incontro che, organizzato per la presentazione delle lineeprogrammatiche del dipartimento, ha visto un\u2019ampia partecipazione di operatoridel Dsmd (dipartimento di salute mentale e delle dipendenze), delleassociazioni dei familiari e dei sindacati.<\/b><\/span><\/p>\n<p><span style='color: black; font-family: \"Verdana\",\"sans-serif\"; font-size: 14pt;'>&nbsp;<\/span><\/p>\n<p><span style='color: black; font-family: \"Verdana\",\"sans-serif\"; font-size: 14pt;'>\u00abL\u2019Azienda \u2013 <b style=\"mso-bidi-font-weight: normal;\">ha detto ildirettore generale<\/b> \u2013 sta facendo una serie di scelte che comportano unarevisione dell\u2019organizzazione e che si concretizzeranno con la modifichedell\u2019atto aziendale. Con questo cambiamento, vogliamo realizzare un approcciointegrato alle malattie, con nuovi dipartimenti che abbracciano l\u2019interoterritorio dell\u2019Asl di Sassari\u00bb.<\/span><\/p>\n<p><span style='color: black; font-family: \"Verdana\",\"sans-serif\"; font-size: 14pt;'>&nbsp;<\/span><\/p>\n<p><b style=\"mso-bidi-font-weight: normal;\"><span style='color: black; font-family: \"Verdana\",\"sans-serif\"; font-size: 14pt; font-variant: small-caps;'>Il modello organizzativo<\/span><\/b><\/p>\n<p><b style=\"mso-bidi-font-weight: normal;\"><span style='color: black; font-family: \"Verdana\",\"sans-serif\"; font-size: 14pt;'>Eccoallora che la sfida al cambiamento parte proprio dal dipartimento di salutementale.<\/span><\/b><span style='color: black; font-family: \"Verdana\",\"sans-serif\"; font-size: 14pt;'> \u00abIn Italia \u2013 <b style=\"mso-bidi-font-weight: normal;\">ha dettoDonato Posadinu<\/b> \u2013 sono circa 10 milioni le persone che, nell\u2019arco dellaloro vita, sono o saranno curate per un problema psichiatrico. I disturbidepressivi e i disturbi dell\u2019ansia sono di gran lunga le patologie pi\u00f9frequenti ma \u2013 <b style=\"mso-bidi-font-weight: normal;\">ha rimarcato il direttoredel Dsmd<\/b> \u2013 sono anche quelle che ricevono un\u2019attenzione marginale. Spessopoi la psichiatria ospedaliera viene svalutata e considerata come \u201csecondaria\u201d,presa in considerazione soltanto come risposta all'emergenza\u00bb.<\/span><\/p>\n<p><span style='color: black; font-family: \"Verdana\",\"sans-serif\"; font-size: 14pt;'>Il direttore del dipartimento di salute mentale \u00e8 passato quindi aillustrare le nuove linee guida che prevedono, appunto, un avvio sperimentalesu Sassari.<\/span><\/p>\n<p><span style='color: black; font-family: \"Verdana\",\"sans-serif\"; font-size: 14pt;'>Nel modello organizzativo sperimentale, nell\u2019ambito dellepatologie nevrotiche e psicotiche vengono individuati differenti percorsi dicura. Infatti per le prime patologie il nuovo modello del dipartimento prevedeun\u2019attivit\u00e0 ambulatoriale che pu\u00f2 portare, in un secondo momento, alla presa incura da parte dei due Centri di salute mentale (Csm) che operano a Sassari.Questi due Centri inoltre prenderebbero da subito in cura pazienti conpatologie psicotiche i quali verrebbero poi avviati, per una presa in caricoglobale, all\u2019attivit\u00e0 di riabilitazione psicosociale, attraverso centri diurni,laboratori, assistenza domiciliare, formazione, inserimento lavorativo einclusione sociale.<\/span><\/p>\n<p><span style='color: black; font-family: \"Verdana\",\"sans-serif\"; font-size: 14pt;'>&nbsp;<\/span><\/p>\n<p><span style='color: black; font-family: \"Verdana\",\"sans-serif\"; font-size: 14pt;'>\u00abSar\u00e0 quindi necessaria una fase di definizione delle procedure. \u00c8stata fatta richiesta ai dirigenti medici dei Csm di condividere le buoneprassi di cura \u2013 <b style=\"mso-bidi-font-weight: normal;\">ha detto Posadinu<\/b> \u2013per garantire la qualit\u00e0 assistenziale che ci permetter\u00e0 di realizzare unpercorso di riabilitazione della persona e di evitare l\u2019incoerenza deiprogetti\u00bb.<\/span><\/p>\n<p><span style='color: black; font-family: \"Verdana\",\"sans-serif\"; font-size: 14pt;'>&nbsp;<\/span><\/p>\n<p><b style=\"mso-bidi-font-weight: normal;\"><span style='color: black; font-family: \"Verdana\",\"sans-serif\"; font-size: 14pt;'>Un\u2019azioneche per\u00f2 non potr\u00e0 fare a meno della sfera sociale, quindi della collaborazionedei Comuni, in particolare per l\u2019avvio di alcune azioni che sono previste ancheall\u2019interno dei Plus. <\/span><\/b><span style='color: black; font-family: \"Verdana\",\"sans-serif\"; font-size: 14pt;'>Tra questi, a esempio, gli interventi per l\u2019assistenzadomiciliare e sostegno alle famiglie per la riduzione del carico assistenziale,per l\u2019accompagnamento in percorsi individuali riabilitativi, con particolareriferimento alla promozione dell\u2019inserimento lavorativo e alle azioni disostegno al primo impiego, per l\u2019assegnazione di alloggi popolari per la quotache deve essere riservata alle persone con disturbo mentale. <b style=\"mso-bidi-font-weight: normal;\">A questi si aggiungono<\/b> il sostegno alleiniziative di auto-auto mutuo-aiuto di familiari e utenti, il sostegno all\u2019attivit\u00e0delle associazioni dei familiari e degli utenti, la promozione dell\u2019affidofamiliare delle persone con disturbo mentale, la promozione di piccoleresidenze autogestite orientate verso il mantenimento di un buon livello divita e il raggiungimento della maggior autonomia possibile, quindi ilreinserimento sociale attraverso l\u2019accompagnamento e il sostegno nei luoghi diincontro e di socializzazione.<\/span><\/p>\n<p><span style='color: black; font-family: \"Verdana\",\"sans-serif\"; font-size: 14pt;'>&nbsp;<\/span><\/p>\n<p><span style='color: black; font-family: \"Verdana\",\"sans-serif\"; font-size: 14pt;'>Maggiore presenza sul territorio quindi, per una pi\u00f9 forte integrazionee inclusione dell\u2019utente con la societ\u00e0, lasciando anche le mura del parco diRizzeddu. \u00abQuesto perch\u00e9 \u2013 <b style=\"mso-bidi-font-weight: normal;\">ha dettoDonato Posadinu<\/b> \u2013 chiudere l\u2019attuale residuo manicomiale \u00e8 il mio chiodofisso. Anche in considerazione del fatto che le strutture residenzialipsichiatriche aziendali di Rizzeddu non corrispondono alle disposizioni dellalegge 724 del 1994 che vieta di utilizzare i \u201cbeni mobili e immobili degli ospedalipsichiatrici dismessi\u201d per la \u201cprestazione di servizi per la salute mentale\u201d,nonch\u00e9 per \u201cla degenza o ospitalit\u00e0 di pazienti dimessi o di nuovi casi\u201d\u00bb.<\/span><\/p>\n<p><span style='color: black; font-family: \"Verdana\",\"sans-serif\"; font-size: 14pt;'>&nbsp;<\/span><\/p>\n<p><b style=\"mso-bidi-font-weight: normal;\"><span style='color: black; font-family: \"Verdana\",\"sans-serif\"; font-size: 14pt;'>IlServizio psichiatrico di diagnosi e cura - Un discorso a parte invece perl\u2019Spdc dell\u2019ospedale sassarese.<\/span><\/b><span style='color: black; font-family: \"Verdana\",\"sans-serif\"; font-size: 14pt;'> \u00ab\u00c8 ferma intenzioneristrutturarlo completamente \u2013 <b style=\"mso-bidi-font-weight: normal;\">haprecisato Donato Posadinu durante l\u2019incontro<\/b> \u2013 a partire dalla messa insicurezza dei locali per la tutela degli utenti. Esiste gi\u00e0 un piano difattibilit\u00e0 che vede la concentrazione degli studi medici all\u2019inizio delreparto, un\u2019area crisi per le persone maggiormente a rischio, quindi lavalorizzazione della zona soggiorno, nuovi infissi e porte\u00bb. Esisterebbe gi\u00e0 \u2013\u00e8 stato detto \u2013 un progetto e un cronoprogramma dei lavori. <\/span><\/p>\n<p><span style='color: black; font-family: \"Verdana\",\"sans-serif\"; font-size: 14pt;'>&nbsp;<\/span><\/p>\n<p><span style='color: black; font-family: \"Verdana\",\"sans-serif\"; font-size: 14pt;'>\u00abI fondi per la ristrutturazione dell\u2019Spdc sono gi\u00e0 disponibili eritagliabili da quelli stanziati dalla Regione \u2013 <b style=\"mso-bidi-font-weight: normal;\">ha aggiunto il manager Asl<\/b> \u2013 e prescindono dai fondi per gliobiettivi del direttore generale\u00bb.<\/span><\/p>\n<p><span style='color: black; font-family: \"Verdana\",\"sans-serif\"; font-size: 14pt;'>\u00abUna volta messo a norma e con i sistemi di sicurezza \u2013 <b style=\"mso-bidi-font-weight: normal;\">ha concluso il direttore del Dsmd<\/b> \u2013 ilreparto cambier\u00e0 volto anche con piccoli accorgimenti. Ci sar\u00e0 la possibilit\u00e0di far uscire i pazienti in giardino sotto dei gazebo e si potr\u00e0 avere un day hospitalche dovr\u00e0 essere attivato con due posti letto\u00bb.<\/span><\/p>\n<p><span style='color: black; font-family: \"Verdana\",\"sans-serif\"; font-size: 14pt;'>&nbsp;<\/span><\/p>\n<p><span style='color: black; font-family: \"Verdana\",\"sans-serif\"; font-size: 14pt;'>Durante la riunione non si \u00e8 parlato del Serd, che fa sempre partedel Dsmd, \u00abperch\u00e9 \u2013 <b style=\"mso-bidi-font-weight: normal;\">ha spiegato ildirettore generale <\/b>\u2013 in Regione c\u2019\u00e8 un progetto che articola il sistema inun dipartimento della salute menale e un dipartimento delle dipendenze, maancora non sappiamo se la Regione voglia portare avanti questo dualismo\u00bb. Com<\/span><\/p>\n","protected":false},"excerpt":{"rendered":"<p>Un nuovo dipartimento della Salute mentale, riorganizzato su unmodello che si basa sui percorsi di cura incentrati sulla persona, e non pi\u00f9sulla struttura, quindi l\u2019apertura&#8230;<\/p>\n","protected":false},"author":2,"featured_media":0,"comment_status":"closed","ping_status":"closed","sticky":false,"template":"","format":"standard","meta":[],"categories":[49],"tags":[],"_links":{"self":[{"href":"https:\/\/www.cronacaonline.it\/index.php\/wp-json\/wp\/v2\/posts\/88002"}],"collection":[{"href":"https:\/\/www.cronacaonline.it\/index.php\/wp-json\/wp\/v2\/posts"}],"about":[{"href":"https:\/\/www.cronacaonline.it\/index.php\/wp-json\/wp\/v2\/types\/post"}],"author":[{"embeddable":true,"href":"https:\/\/www.cronacaonline.it\/index.php\/wp-json\/wp\/v2\/users\/2"}],"replies":[{"embeddable":true,"href":"https:\/\/www.cronacaonline.it\/index.php\/wp-json\/wp\/v2\/comments?post=88002"}],"version-history":[{"count":0,"href":"https:\/\/www.cronacaonline.it\/index.php\/wp-json\/wp\/v2\/posts\/88002\/revisions"}],"wp:attachment":[{"href":"https:\/\/www.cronacaonline.it\/index.php\/wp-json\/wp\/v2\/media?parent=88002"}],"wp:term":[{"taxonomy":"category","embeddable":true,"href":"https:\/\/www.cronacaonline.it\/index.php\/wp-json\/wp\/v2\/categories?post=88002"},{"taxonomy":"post_tag","embeddable":true,"href":"https:\/\/www.cronacaonline.it\/index.php\/wp-json\/wp\/v2\/tags?post=88002"}],"curies":[{"name":"wp","href":"https:\/\/api.w.org\/{rel}","templated":true}]}}