{"id":87989,"date":"2012-03-15T15:14:00","date_gmt":"2012-03-15T14:14:00","guid":{"rendered":"http:\/\/www.cronacaonline.it\/public\/content\/index.php\/15\/03\/2012\/domani-alle-ore-1700-alla-galleria-comunale-darte-di-cagliari-si-terra-il-secondo-appuntamento-de-lalfabeto-dellarte"},"modified":"2012-03-15T15:14:00","modified_gmt":"2012-03-15T14:14:00","slug":"domani-alle-ore-1700-alla-galleria-comunale-darte-di-cagliari-si-terra-il-secondo-appuntamento-de-lalfabeto-dellarte","status":"publish","type":"post","link":"https:\/\/www.cronacaonline.it\/index.php\/2012\/03\/15\/domani-alle-ore-1700-alla-galleria-comunale-darte-di-cagliari-si-terra-il-secondo-appuntamento-de-lalfabeto-dellarte\/","title":{"rendered":"Domani alle ore 17.00, alla Galleria Comunale d\u2019Arte di Cagliari, si terr\u00e0 il secondo appuntamento de l\u2019Alfabeto dell\u2019Arte"},"content":{"rendered":"<p><SPAN style=\"FONT-FAMILY: 'Verdana','sans-serif'\">Domani venerd\u00ec 16 marzo, alle ore 17.00, alla Galleria Comunale d\u2019Arte di Cagliari, si terr\u00e0 il secondo appuntamento de l\u2019Alfabeto dell\u2019Arte, il ciclo di conferenze organizzato ogni anno per avvicinare il grande pubblico all\u2019arte di tutti i tempi.<\/SPAN><\/p>\n<p><SPAN style=\"FONT-FAMILY: 'Verdana','sans-serif'\">&nbsp;<\/SPAN><\/p>\n<p><SPAN style=\"FONT-FAMILY: 'Verdana','sans-serif'\">Il programma, curato da Anna Maria Montaldo e tenuto dagli storici dell\u2019arte dell\u2019Associazione Orientare che lavorano all\u2019interno dei Musei Civici, \u00e8 dedicato quest\u2019anno ad alcuni dei grandi maestri che hanno operato tra met\u00e0 Ottocento e la prima met\u00e0 del Novecento e le principali correnti che, a partire dal secondo dopoguerra, hanno affrontato le ricerche pi\u00f9 avanzate dell\u2019arte contemporanea.<\/SPAN><\/p>\n<p><SPAN style=\"FONT-FAMILY: 'Verdana','sans-serif'\">&nbsp;<\/SPAN><\/p>\n<p><SPAN style=\"FONT-FAMILY: 'Verdana','sans-serif'\">Venerd\u00ec, la conferenza, tenuta da Marzia Marino, \u00e8 dedicata ad Amedeo Modigliani, un viaggio coinvolgente attraverso i grandi capolavori del periodo parigino, dipinti e sculture che hanno reso celebre il pittore livornese in tutto il mondo.<\/SPAN><\/p>\n<p><SPAN style=\"FONT-FAMILY: 'Verdana','sans-serif'\">&nbsp;<\/SPAN><\/p>\n<p><SPAN style=\"FONT-FAMILY: 'Verdana','sans-serif'\">Quest\u2019anno, gli otto incontri si svolgeranno tra la Galleria Comunale d\u2019Arte e l\u2019Antico Palazzo di Citt\u00e0, importante sede delle raccolte civiche, destinata recentemente all\u2019esposizione di mostre temporanee di arte contemporanea.<\/SPAN><\/p>\n<p><SPAN style=\"FONT-FAMILY: 'Verdana','sans-serif'\">&nbsp;<\/SPAN><\/p>\n<p><SPAN style=\"FONT-FAMILY: 'Verdana','sans-serif'\">Il costo di ogni singolo incontro \u00e8 di 5 euro.<\/SPAN><\/p>\n<p><SPAN style=\"FONT-FAMILY: 'Verdana','sans-serif'\">Il costo per l\u2019intero ciclo di conferenze \u00e8 di 30 euro.<\/SPAN><\/p>\n","protected":false},"excerpt":{"rendered":"<p>Domani venerd\u00ec 16 marzo, alle ore 17.00, alla Galleria Comunale d\u2019Arte di Cagliari, si terr\u00e0 il secondo appuntamento de l\u2019Alfabeto dell\u2019Arte, il ciclo di conferenze&#8230;<\/p>\n","protected":false},"author":2,"featured_media":0,"comment_status":"closed","ping_status":"closed","sticky":false,"template":"","format":"standard","meta":[],"categories":[49],"tags":[],"_links":{"self":[{"href":"https:\/\/www.cronacaonline.it\/index.php\/wp-json\/wp\/v2\/posts\/87989"}],"collection":[{"href":"https:\/\/www.cronacaonline.it\/index.php\/wp-json\/wp\/v2\/posts"}],"about":[{"href":"https:\/\/www.cronacaonline.it\/index.php\/wp-json\/wp\/v2\/types\/post"}],"author":[{"embeddable":true,"href":"https:\/\/www.cronacaonline.it\/index.php\/wp-json\/wp\/v2\/users\/2"}],"replies":[{"embeddable":true,"href":"https:\/\/www.cronacaonline.it\/index.php\/wp-json\/wp\/v2\/comments?post=87989"}],"version-history":[{"count":0,"href":"https:\/\/www.cronacaonline.it\/index.php\/wp-json\/wp\/v2\/posts\/87989\/revisions"}],"wp:attachment":[{"href":"https:\/\/www.cronacaonline.it\/index.php\/wp-json\/wp\/v2\/media?parent=87989"}],"wp:term":[{"taxonomy":"category","embeddable":true,"href":"https:\/\/www.cronacaonline.it\/index.php\/wp-json\/wp\/v2\/categories?post=87989"},{"taxonomy":"post_tag","embeddable":true,"href":"https:\/\/www.cronacaonline.it\/index.php\/wp-json\/wp\/v2\/tags?post=87989"}],"curies":[{"name":"wp","href":"https:\/\/api.w.org\/{rel}","templated":true}]}}