{"id":87978,"date":"2012-03-15T15:14:00","date_gmt":"2012-03-15T14:14:00","guid":{"rendered":"http:\/\/www.cronacaonline.it\/public\/content\/index.php\/15\/03\/2012\/lingua-sarda-on-federico-palomba-idv-ok-a-invito-di-cappellacci"},"modified":"2012-03-15T15:14:00","modified_gmt":"2012-03-15T14:14:00","slug":"lingua-sarda-on-federico-palomba-idv-ok-a-invito-di-cappellacci","status":"publish","type":"post","link":"https:\/\/www.cronacaonline.it\/index.php\/2012\/03\/15\/lingua-sarda-on-federico-palomba-idv-ok-a-invito-di-cappellacci\/","title":{"rendered":"Lingua sarda, On. Federico Palomba (Idv): ok a invito di cappellacci."},"content":{"rendered":"<p><P style=\"MARGIN: 0cm 0cm 0pt\" class=MsoNormal><SPAN style=\"FONT-FAMILY: 'Verdana','sans-serif'; mso-fareast-language: IT; mso-bidi-language: AR-SA\"><\/SPAN><\/p>\n<p><SPAN style=\"FONT-FAMILY: 'Verdana','sans-serif'; mso-fareast-language: IT; mso-bidi-language: AR-SA\">Lo ha detto il deputato dell'Italia dei Valori, Federico Palomba, risponde alla lettera-appello del governatore che ha chiesto un fronte unitario a difesa della lingua sarda a deputati e senatori sardi in vista dell'iter di ratifica da parte del Parlamento della Carta Europea delle Lingue Regionali o Minoritarie.&nbsp;\u00abCome abbiamo con forza denunciato a suo tempo, la nostra regione ha infatti subito una decurtazione di oltre un milione di euro&nbsp;nel finanziamento sulla legge di tutela delle minoranze linguistiche storiche in conseguenza della modifica dei criteri di ripartizione dei fondi assegnati dalla legge 15 dicembre 1999, n. 482, gi\u00e0 ridotti nel totale a 5 milioni e mezzo dalla legge finanziaria 191\/2009.<\/SPAN><\/p>\n<p><SPAN style=\"FONT-FAMILY: 'Verdana','sans-serif'; mso-fareast-language: IT; mso-bidi-language: AR-SA\">Infatti, con DPCM del 15.3. 2010, il Governo Berlusconi ha disposto che i fondi fossero ripartiti sulla base non della popolazione, ma del numero dei comuni ove si parlano lingue minoritarie, indipendentemente dalla popolazione. Con tale sistema le minoranze pi\u00f9 numerose come quella sarda (e come quella friulana), sono state penalizzate a vantaggio di comunit\u00e0 non molto numerose ma con un alto numero di comuni. Con quel provvedimento del Governo Berlusconi alla Sardegna, invece che 2.160.634 euro, sono andati solo 1.120.595 euro con una diminuzione, appunto, di 1.040.039 euro.<\/SPAN><\/p>\n<p><SPAN style=\"FONT-FAMILY: 'Verdana','sans-serif'; mso-fareast-language: IT; mso-bidi-language: AR-SA\">Tutto ci\u00f2 - afferma Palomba che insieme al deputato friulano Carlo Monai aveva presentato alla Camera una interrogazione in questo senso \u2013 \u00e8 avvenuto nel pi\u00f9 totale silenzio e nella colpevole acquiescenza della Giunta regionale e dei partiti identitari che la sostengono. Ci\u00f2 riguarda in primo luogo il PSd'Az che, pur proclamandosi indipendentista, sta al governo della regione con la destra che ha consentito le pi\u00f9 gravi soppressioni di fondi e menomazioni della dignit\u00e0 del nostro popolo. Altrimenti noi accogliamo appelli, ma si perdono le concrete possibilit\u00e0 di acquisire quelle risorse senza le quali la diffusione della nostra lingua e cultura \u00e8 un mero \"flatus vocis\u201d\u00bb. Com<\/SPAN><\/p>\n<p><SPAN style=\"FONT-FAMILY: 'Verdana','sans-serif'; mso-fareast-language: IT; mso-bidi-language: AR-SA\">&nbsp;<\/SPAN><\/p>\n","protected":false},"excerpt":{"rendered":"<p>Lo ha detto il deputato dell&#8217;Italia dei Valori, Federico Palomba, risponde alla lettera-appello del governatore che ha chiesto un fronte unitario a difesa della lingua&#8230;<\/p>\n","protected":false},"author":2,"featured_media":0,"comment_status":"closed","ping_status":"closed","sticky":false,"template":"","format":"standard","meta":[],"categories":[49],"tags":[],"_links":{"self":[{"href":"https:\/\/www.cronacaonline.it\/index.php\/wp-json\/wp\/v2\/posts\/87978"}],"collection":[{"href":"https:\/\/www.cronacaonline.it\/index.php\/wp-json\/wp\/v2\/posts"}],"about":[{"href":"https:\/\/www.cronacaonline.it\/index.php\/wp-json\/wp\/v2\/types\/post"}],"author":[{"embeddable":true,"href":"https:\/\/www.cronacaonline.it\/index.php\/wp-json\/wp\/v2\/users\/2"}],"replies":[{"embeddable":true,"href":"https:\/\/www.cronacaonline.it\/index.php\/wp-json\/wp\/v2\/comments?post=87978"}],"version-history":[{"count":0,"href":"https:\/\/www.cronacaonline.it\/index.php\/wp-json\/wp\/v2\/posts\/87978\/revisions"}],"wp:attachment":[{"href":"https:\/\/www.cronacaonline.it\/index.php\/wp-json\/wp\/v2\/media?parent=87978"}],"wp:term":[{"taxonomy":"category","embeddable":true,"href":"https:\/\/www.cronacaonline.it\/index.php\/wp-json\/wp\/v2\/categories?post=87978"},{"taxonomy":"post_tag","embeddable":true,"href":"https:\/\/www.cronacaonline.it\/index.php\/wp-json\/wp\/v2\/tags?post=87978"}],"curies":[{"name":"wp","href":"https:\/\/api.w.org\/{rel}","templated":true}]}}