{"id":87909,"date":"2012-03-09T15:14:00","date_gmt":"2012-03-09T14:14:00","guid":{"rendered":"http:\/\/www.cronacaonline.it\/public\/content\/index.php\/09\/03\/2012\/urbanistic8203a-prosegue-programma-di-pianificaz8203ione-regione---mibac-su-vincoli-paesaggist8203ici"},"modified":"2012-03-09T15:14:00","modified_gmt":"2012-03-09T14:14:00","slug":"urbanistic8203a-prosegue-programma-di-pianificaz8203ione-regione-mibac-su-vincoli-paesaggist8203ici","status":"publish","type":"post","link":"https:\/\/www.cronacaonline.it\/index.php\/2012\/03\/09\/urbanistic8203a-prosegue-programma-di-pianificaz8203ione-regione-mibac-su-vincoli-paesaggist8203ici\/","title":{"rendered":"Urbanistic\u200ba: Prosegue programma di pianificaz\u200bione Regione &#8211; Mibac su vincoli paesaggist\u200bici"},"content":{"rendered":"<p><\/SPAN><SPAN style=\"FONT-FAMILY: 'Verdana','sans-serif'; FONT-SIZE: 12pt\">Maggiore chiarezza sui vincoli paesaggistici gi\u00e0 esistenti la cui definizione risale ai primi anni del '900, individuazione e delimitazione puntuale delle aree di grande interesse pubblico e ancora aggiornamento della cartografia regionale utile ad assicurare un'adeguata e univoca individuazione sulle moderne cartografie dei vincoli ministeriali. In linea con queste finalit\u00e0 l'Assessorato regionale dell'Urbanistica con il Ministero per i Beni e le Attivit\u00e0 culturali ha completato il riconoscimento e la definizione di altri cinque vincoli gi\u00e0 esistenti, tra i quali in particolare spiccano quelli dei quattro quartieri storici di Cagliari, di viale Regina Margherita e dell'area vincolata del promontorio di Porto Pino a Sant'Anna Arresi.<\/SPAN><\/p>\n<p><SPAN style=\"FONT-FAMILY: 'Verdana','sans-serif'; FONT-SIZE: 12pt\">Prosegue speditamente la strategia messa in campo dal Governo regionale, e inserita nell'ambito del Protocollo d'intesa tra Regione e Mibac sull'attivit\u00e0 di ricognizione, delimitazione e rappresentazione delle aree dichiarate di notevole interesse pubblico tutelate ai sensi del codice Urbani. Tramite la prosecuzione costante dei rapporti di collaborazione tra Regione e Ministero sar\u00e0 possibile completare il percorso di definizione delle metodologie e procedure di analisi, censimento e catalogazione degli immobili e delle aree gi\u00e0 oggetto di tutela, attraverso un sistema integrato di verifica e adeguamento della pianificazione paesaggistica regionale, offrendo al contempo agli utenti dati sempre puntuali e aggiornati su cartografia digitale.<\/SPAN><\/p>\n<p><SPAN style=\"FONT-FAMILY: 'Verdana','sans-serif'; FONT-SIZE: 12pt\">\"Questo lavoro congiunto tra Regione e Ministero - ha dichiarato l'assessore regionale dell'Urbanistica, Nicola Rassu - risponde all'esigenza di offrire alle amministrazioni pubbliche e ai cittadini una cartografia nuova e moderna, una maggiore chiarezza dei vincoli con dati aggiornati e sicuri ma soprattutto certezza del diritto. Attraverso quest'azione sinergica si potr\u00e0 dare seguito ai programmi di conservazione del patrimonio culturale e difesa dei valori paesaggistici presenti nei territori che sta alla base del programma di governo della Giunta e del programma di revisione del piano Paesaggistico Regionale\".<\/SPAN><\/p>\n","protected":false},"excerpt":{"rendered":"<p>Maggiore chiarezza sui vincoli paesaggistici gi\u00e0 esistenti la cui definizione risale ai primi anni del &#8216;900, individuazione e delimitazione puntuale delle aree di grande interesse&#8230;<\/p>\n","protected":false},"author":2,"featured_media":0,"comment_status":"closed","ping_status":"closed","sticky":false,"template":"","format":"standard","meta":[],"categories":[49],"tags":[],"_links":{"self":[{"href":"https:\/\/www.cronacaonline.it\/index.php\/wp-json\/wp\/v2\/posts\/87909"}],"collection":[{"href":"https:\/\/www.cronacaonline.it\/index.php\/wp-json\/wp\/v2\/posts"}],"about":[{"href":"https:\/\/www.cronacaonline.it\/index.php\/wp-json\/wp\/v2\/types\/post"}],"author":[{"embeddable":true,"href":"https:\/\/www.cronacaonline.it\/index.php\/wp-json\/wp\/v2\/users\/2"}],"replies":[{"embeddable":true,"href":"https:\/\/www.cronacaonline.it\/index.php\/wp-json\/wp\/v2\/comments?post=87909"}],"version-history":[{"count":0,"href":"https:\/\/www.cronacaonline.it\/index.php\/wp-json\/wp\/v2\/posts\/87909\/revisions"}],"wp:attachment":[{"href":"https:\/\/www.cronacaonline.it\/index.php\/wp-json\/wp\/v2\/media?parent=87909"}],"wp:term":[{"taxonomy":"category","embeddable":true,"href":"https:\/\/www.cronacaonline.it\/index.php\/wp-json\/wp\/v2\/categories?post=87909"},{"taxonomy":"post_tag","embeddable":true,"href":"https:\/\/www.cronacaonline.it\/index.php\/wp-json\/wp\/v2\/tags?post=87909"}],"curies":[{"name":"wp","href":"https:\/\/api.w.org\/{rel}","templated":true}]}}