{"id":87908,"date":"2012-03-06T15:14:00","date_gmt":"2012-03-06T14:14:00","guid":{"rendered":"http:\/\/www.cronacaonline.it\/public\/content\/index.php\/06\/03\/2012\/otto-marzo-2012-nel-parco-dellospedale-cesare-zonchello-sara-inaugurata-la-madre-di-costantino-nivola"},"modified":"2012-03-06T15:14:00","modified_gmt":"2012-03-06T14:14:00","slug":"otto-marzo-2012-nel-parco-dellospedale-cesare-zonchello-sara-inaugurata-la-madre-di-costantino-nivola","status":"publish","type":"post","link":"https:\/\/www.cronacaonline.it\/index.php\/2012\/03\/06\/otto-marzo-2012-nel-parco-dellospedale-cesare-zonchello-sara-inaugurata-la-madre-di-costantino-nivola\/","title":{"rendered":"Otto marzo 2012: nel parco dell&#8217;ospedale Cesare Zonchello sar\u00e0 inaugurata la \u201cMadre\u201d di Costantino Nivola."},"content":{"rendered":"<p><SPAN style=\"LINE-HEIGHT: 115%; FONT-FAMILY: 'Verdana','sans-serif'; FONT-SIZE: 12pt; mso-fareast-font-family: 'Arial Unicode MS'; mso-bidi-font-family: 'Arial Unicode MS'\">Sar\u00e0 l'abbraccio coinvolgente della \u201cMadre\u201d di Costantino Nivola ad accogliere le donne dell'Azienda Sanitaria di Nuoro, nel giorno della festa a loro dedicata.<\/SPAN><\/p>\n<p><SPAN style=\"LINE-HEIGHT: 115%; FONT-FAMILY: 'Verdana','sans-serif'; FONT-SIZE: 12pt; mso-fareast-font-family: 'Arial Unicode MS'; mso-bidi-font-family: 'Arial Unicode MS'\">Gioved\u00ec 8 marzo alle 12, infatti, nell'incantevole scenario del parco dell'ospedale Cesare Zonchello, sar\u00e0 inaugurata l'opera del grande scultore sardo, proveniente da Pietrasanta Ligure e ceduta in comodato d'uso dalla Fondazione Nivola di Orani. L'inaugurazione di gioved\u00ec \u00e8 parte integrante dell'ambizioso progetto \"Pietre d'autore\", col quale l'Azienda Sanitaria di Nuoro ha inteso collocare alcune opere d'arte negli spazi esterni aziendali, nel segno di una sempre pi\u00f9 sentita esigenza di umanizzazione di spazi che, nell'immaginario collettivo, sono da sempre associati al dolore. <\/SPAN><\/p>\n<p><SPAN style=\"LINE-HEIGHT: 115%; FONT-FAMILY: 'Verdana','sans-serif'; FONT-SIZE: 12pt; mso-fareast-font-family: 'Arial Unicode MS'; mso-bidi-font-family: 'Arial Unicode MS'\">\u00abLa \u201cMadre\u201d<SPAN style=\"mso-spacerun: yes\">&nbsp; <\/SPAN>\u2013 commenta il Direttore Generale dell'ASL, Dott. Antonio Maria Soru \u2013 ha un valore simbolico straordinario. Non a caso, \u00e8 stata proprio l'eredit\u00e0 antropologica della Sardegna ad ispirare Costantino Nivola. La sua scultura \u00e8 una ricerca incentrata sul tema di una femminilit\u00e0 archetipica, identificata con la Natura. Allo stesso modo, la valorizzazione del ruolo femminile nella nostra societ\u00e0 e, in particolare, nell'ambito sanitario, deve ispirare ogni giorno il nostro approccio nel lavoro e nella ricerca del bene comune\u00bb. <\/SPAN><SPAN style=\"LINE-HEIGHT: 115%; FONT-FAMILY: 'Verdana','sans-serif'; FONT-SIZE: 12pt\"><\/SPAN><\/p>\n<p><SPAN style=\"LINE-HEIGHT: 115%; FONT-FAMILY: 'Verdana','sans-serif'; FONT-SIZE: 12pt\">&nbsp;<\/SPAN><\/p>\n","protected":false},"excerpt":{"rendered":"<p>Sar\u00e0 l&#8217;abbraccio coinvolgente della \u201cMadre\u201d di Costantino Nivola ad accogliere le donne dell&#8217;Azienda Sanitaria di Nuoro, nel giorno della festa a loro dedicata. Gioved\u00ec 8&#8230;<\/p>\n","protected":false},"author":2,"featured_media":0,"comment_status":"closed","ping_status":"closed","sticky":false,"template":"","format":"standard","meta":[],"categories":[49],"tags":[],"_links":{"self":[{"href":"https:\/\/www.cronacaonline.it\/index.php\/wp-json\/wp\/v2\/posts\/87908"}],"collection":[{"href":"https:\/\/www.cronacaonline.it\/index.php\/wp-json\/wp\/v2\/posts"}],"about":[{"href":"https:\/\/www.cronacaonline.it\/index.php\/wp-json\/wp\/v2\/types\/post"}],"author":[{"embeddable":true,"href":"https:\/\/www.cronacaonline.it\/index.php\/wp-json\/wp\/v2\/users\/2"}],"replies":[{"embeddable":true,"href":"https:\/\/www.cronacaonline.it\/index.php\/wp-json\/wp\/v2\/comments?post=87908"}],"version-history":[{"count":0,"href":"https:\/\/www.cronacaonline.it\/index.php\/wp-json\/wp\/v2\/posts\/87908\/revisions"}],"wp:attachment":[{"href":"https:\/\/www.cronacaonline.it\/index.php\/wp-json\/wp\/v2\/media?parent=87908"}],"wp:term":[{"taxonomy":"category","embeddable":true,"href":"https:\/\/www.cronacaonline.it\/index.php\/wp-json\/wp\/v2\/categories?post=87908"},{"taxonomy":"post_tag","embeddable":true,"href":"https:\/\/www.cronacaonline.it\/index.php\/wp-json\/wp\/v2\/tags?post=87908"}],"curies":[{"name":"wp","href":"https:\/\/api.w.org\/{rel}","templated":true}]}}