{"id":87904,"date":"2012-03-19T15:14:00","date_gmt":"2012-03-19T14:14:00","guid":{"rendered":"http:\/\/www.cronacaonline.it\/public\/content\/index.php\/19\/03\/2012\/dichiarazione-del-presidente-del-consiglio-comunale-di-cagliari-ninni-depau"},"modified":"2012-03-19T15:14:00","modified_gmt":"2012-03-19T14:14:00","slug":"dichiarazione-del-presidente-del-consiglio-comunale-di-cagliari-ninni-depau","status":"publish","type":"post","link":"https:\/\/www.cronacaonline.it\/index.php\/2012\/03\/19\/dichiarazione-del-presidente-del-consiglio-comunale-di-cagliari-ninni-depau\/","title":{"rendered":"Dichiarazione del Presidente del Consiglio Comunale di Cagliari Ninni Depau."},"content":{"rendered":"<p><SPAN style=\"FONT-FAMILY: 'Verdana','sans-serif'\">Quando la politica riacquista la sua dignit\u00e0. L\u2019incontro dei Sindaci vittime di atti di violenza con il Presidente dell\u2019Anci e con il Consiglio comunale di Cagliari<\/SPAN><\/p>\n<p><SPAN style=\"FONT-FAMILY: 'Verdana','sans-serif'\">\u201cQuella di mercoled\u00ec scorso \u00e8 stata una giornata importante per il consiglio comunale di Cagliari che per la prima volta ha ospitato come relatore il Presidente nazionale dell\u2019Associazione dei comuni Italiani, in occasione di una emozionante seduta che ha visto la partecipazione dei Sindaci vittime di atti di violenza e di intimidazione e del Presidente regionale dell\u2019associazione dei comuni italiani.<\/SPAN><\/p>\n<p><SPAN style=\"FONT-FAMILY: 'Verdana','sans-serif'\">Sentire i sindaci descrivere con dignit\u00e0 e sofferenza gli atti di violenza - spesso di terrorismo - che hanno dovuto sopportare, ha rappresentato un momento di altissimo valore civico che ha messo in evidenza l\u2019importanza della politica quando la stessa rappresenta gli interessi collettivi e risponde alle esigenze dei cittadini.<\/SPAN><\/p>\n<p><SPAN style=\"FONT-FAMILY: 'Verdana','sans-serif'\">Cos\u00ec come ha colpito sentire il sindaco di Ottana dichiarare di non aver fatto nulla di eccezionale se non, appunto, amministrare la sua comunit\u00e0 in modo trasparente e rispettoso delle regole. La banalit\u00e0 del bene verrebbe da dire, se non fosse che spesso, nel nostro paese, \u00e8 eccezionale quella che dovrebbe essere la normalit\u00e0 della buona amministrazione.<\/SPAN><\/p>\n<p><SPAN style=\"FONT-FAMILY: 'Verdana','sans-serif'\">Nella seduta consiliare si \u00e8 materializzata la consapevolezza dell\u2019importanza che rivestono, per la coesione sociale del paese, non solo l\u2019attivit\u00e0 di contrasto agli atti criminali, ma anche la risposta corale dei cittadini e gli interventi per la crescita delle nostre comunit\u00e0 sul piano sociale, economico, culturale.<\/SPAN><\/p>\n<p><SPAN style=\"FONT-FAMILY: 'Verdana','sans-serif'\">Un\u2019applicazione del patto di stabilit\u00e0 che non tenga conto dei drammi e delle sofferenze che si determinano nel corpo vivo della societ\u00e0, non pu\u00f2 che aggravare le condizioni, gi\u00e0 critiche, di una regione che detiene il triste primato della disoccupazione giovanile e della dispersione scolastica e che rischia ogni giorno la chiusura di altre scuole o il fallimento di molte imprese perch\u00e9 i comuni non possono saldare i debiti con le stesse.<\/SPAN><\/p>\n<p><SPAN style=\"FONT-FAMILY: 'Verdana','sans-serif'\">Il grazie sincero rivolto ai sindaci presenti, ha voluto evidenziare la nuova consapevolezza, da parte della massima assemblea cittadina della regione, che la battaglia al fianco dei primi cittadini colpiti dalla violenza \u00e8 una battaglia di civilt\u00e0 dell\u2019intera Sardegna: legalit\u00e0, rispetto delle regole, crescita sociale ed economica, sono sempre pi\u00f9 decisivi per evitare che sia messo a rischio quello spirito civico che rappresenta il cemento sociale di qualunque comunit\u00e0.<\/SPAN><\/p>\n<p><SPAN style=\"FONT-FAMILY: 'Verdana','sans-serif'\"><\/SPAN><SPAN style=\"FONT-FAMILY: 'Verdana','sans-serif'\">In questa direzione la presenza del Presidente nazionale dell\u2019Anci, Graziano Delrio, e la sua appassionata partecipazione al dibattito hanno messo in evidenza la volont\u00e0 di Cagliari di fare sentire la propria voce a livello nazionale insieme alle migliaia di comuni che rappresentano la parte migliore del paese\u201d.<\/SPAN><\/p>\n","protected":false},"excerpt":{"rendered":"<p>Quando la politica riacquista la sua dignit\u00e0. L\u2019incontro dei Sindaci vittime di atti di violenza con il Presidente dell\u2019Anci e con il Consiglio comunale di&#8230;<\/p>\n","protected":false},"author":2,"featured_media":0,"comment_status":"closed","ping_status":"closed","sticky":false,"template":"","format":"standard","meta":[],"categories":[49],"tags":[],"_links":{"self":[{"href":"https:\/\/www.cronacaonline.it\/index.php\/wp-json\/wp\/v2\/posts\/87904"}],"collection":[{"href":"https:\/\/www.cronacaonline.it\/index.php\/wp-json\/wp\/v2\/posts"}],"about":[{"href":"https:\/\/www.cronacaonline.it\/index.php\/wp-json\/wp\/v2\/types\/post"}],"author":[{"embeddable":true,"href":"https:\/\/www.cronacaonline.it\/index.php\/wp-json\/wp\/v2\/users\/2"}],"replies":[{"embeddable":true,"href":"https:\/\/www.cronacaonline.it\/index.php\/wp-json\/wp\/v2\/comments?post=87904"}],"version-history":[{"count":0,"href":"https:\/\/www.cronacaonline.it\/index.php\/wp-json\/wp\/v2\/posts\/87904\/revisions"}],"wp:attachment":[{"href":"https:\/\/www.cronacaonline.it\/index.php\/wp-json\/wp\/v2\/media?parent=87904"}],"wp:term":[{"taxonomy":"category","embeddable":true,"href":"https:\/\/www.cronacaonline.it\/index.php\/wp-json\/wp\/v2\/categories?post=87904"},{"taxonomy":"post_tag","embeddable":true,"href":"https:\/\/www.cronacaonline.it\/index.php\/wp-json\/wp\/v2\/tags?post=87904"}],"curies":[{"name":"wp","href":"https:\/\/api.w.org\/{rel}","templated":true}]}}