{"id":87903,"date":"2012-03-22T15:14:00","date_gmt":"2012-03-22T14:14:00","guid":{"rendered":"http:\/\/www.cronacaonline.it\/public\/content\/index.php\/22\/03\/2012\/martedi-27-marzo-prossimo-convocato-consiglio-municipalita-di-pirri"},"modified":"2012-03-22T15:14:00","modified_gmt":"2012-03-22T14:14:00","slug":"martedi-27-marzo-prossimo-convocato-consiglio-municipalita-di-pirri","status":"publish","type":"post","link":"https:\/\/www.cronacaonline.it\/index.php\/2012\/03\/22\/martedi-27-marzo-prossimo-convocato-consiglio-municipalita-di-pirri\/","title":{"rendered":"Marted\u00ec 27 marzo prossimo convocato consiglio municipalit\u00e0 di Pirri."},"content":{"rendered":"<p>Il Consiglio della Municipalit\u00e0 di Pirri \u00e8 convocato&nbsp; per marted\u00ec 27 marzo alle ore 17.00 presso la sala consiliare in via Riva Villasanta, 35. All'ordine del giorno la riqualificazione della biblioteca e del campo sportivo nel quartiere di Is Bingias e la proposta di Delibera sulla \u201cDesignazione di una consigliera eletta nel Consiglio della Municipalit\u00e0 di Pirri alla carica di componente della Commissione Pari Opportunit\u00e0\u201d.<\/p>\n<p>L'urgenza per quest'ultima trattazione \u00e8 determinata dal fatto che \u00e8 stata richiesta la designazione della consigliera competente della Municipalit\u00e0 in tempi brevissimi, al fine di consentire al Sindaco la nomina di tutti i componenti della commissione, cos\u00ec come prescritto dallo Statuto e dal regolamento della Commissione Pari Opportunit\u00e0.<\/p>\n<p>Seguiranno le comunicazioni del Presidente.<\/p>\n","protected":false},"excerpt":{"rendered":"<p>Il Consiglio della Municipalit\u00e0 di Pirri \u00e8 convocato&nbsp; per marted\u00ec 27 marzo alle ore 17.00 presso la sala consiliare in via Riva Villasanta, 35. All&#8217;ordine&#8230;<\/p>\n","protected":false},"author":2,"featured_media":0,"comment_status":"closed","ping_status":"closed","sticky":false,"template":"","format":"standard","meta":[],"categories":[49],"tags":[],"_links":{"self":[{"href":"https:\/\/www.cronacaonline.it\/index.php\/wp-json\/wp\/v2\/posts\/87903"}],"collection":[{"href":"https:\/\/www.cronacaonline.it\/index.php\/wp-json\/wp\/v2\/posts"}],"about":[{"href":"https:\/\/www.cronacaonline.it\/index.php\/wp-json\/wp\/v2\/types\/post"}],"author":[{"embeddable":true,"href":"https:\/\/www.cronacaonline.it\/index.php\/wp-json\/wp\/v2\/users\/2"}],"replies":[{"embeddable":true,"href":"https:\/\/www.cronacaonline.it\/index.php\/wp-json\/wp\/v2\/comments?post=87903"}],"version-history":[{"count":0,"href":"https:\/\/www.cronacaonline.it\/index.php\/wp-json\/wp\/v2\/posts\/87903\/revisions"}],"wp:attachment":[{"href":"https:\/\/www.cronacaonline.it\/index.php\/wp-json\/wp\/v2\/media?parent=87903"}],"wp:term":[{"taxonomy":"category","embeddable":true,"href":"https:\/\/www.cronacaonline.it\/index.php\/wp-json\/wp\/v2\/categories?post=87903"},{"taxonomy":"post_tag","embeddable":true,"href":"https:\/\/www.cronacaonline.it\/index.php\/wp-json\/wp\/v2\/tags?post=87903"}],"curies":[{"name":"wp","href":"https:\/\/api.w.org\/{rel}","templated":true}]}}