{"id":87902,"date":"2012-03-07T15:14:00","date_gmt":"2012-03-07T14:14:00","guid":{"rendered":"http:\/\/www.cronacaonline.it\/public\/content\/index.php\/07\/03\/2012\/monti-riforma-del-lavoro-entro-marzo"},"modified":"2012-03-07T15:14:00","modified_gmt":"2012-03-07T14:14:00","slug":"monti-riforma-del-lavoro-entro-marzo","status":"publish","type":"post","link":"https:\/\/www.cronacaonline.it\/index.php\/2012\/03\/07\/monti-riforma-del-lavoro-entro-marzo\/","title":{"rendered":"Monti: &#8220;Riforma del lavoro entro marzo&#8221;"},"content":{"rendered":"<p><SPAN style=\"FONT-FAMILY: 'Verdana','sans-serif'\">La riforma del mercato del lavoro \"come&nbsp;\u00e8 noto, trover\u00e0 la sua conclusione per la fine di marzo\". Lo ha precisato oggi il presidente del Consiglio dei ministri, Mario Monti, in conferenza stampa congiunta con il Ministro delle finanze tedesco, Wolfgang Scheuble.<\/SPAN><\/p>\n<p><SPAN style=\"FONT-FAMILY: 'Verdana','sans-serif'\">\"Questo governo ha avviato un&nbsp;percorso di riforme che va portato avanti\", dice la presidente&nbsp;di Confindustria, Emma Marcegaglia. Che avverte: bene il&nbsp;percorso avviato su liberalizzazioni, semplificazioni, lavoro,&nbsp;\"ma non \u00e8 sufficiente. Dobbiamo accelerare sulle riforme.&nbsp;Molto c'\u00e8 ancora da fare. Noi non saremo mai un 'veto-player' ma saremo sempre di supporto, anche quando ci saranno riforme&nbsp;impopolari\".<\/SPAN><\/p>\n<p><SPAN style=\"FONT-FAMILY: 'Verdana','sans-serif'\">Al tavolo della riforma del mercato del&nbsp;lavoro, d'altra parte, \"Confindustria ha un atteggiamento di grande&nbsp;responsabilit\u00e0. L'obiettivo \u00e8 creare pi\u00f9 crescita favorendo l'occupazione dei giovani\", ha aggiunto Marcegaglia dal palco della Luiss, nel corso dell'inaugurazione dell'anno accademico.<\/SPAN><\/p>\n<p><SPAN style=\"FONT-FAMILY: 'Verdana','sans-serif'\">Da una parte c'\u00e8 \"una cattiva flessibilit\u00e0 che coinvolge i&nbsp;giovani, dall'altra un eccesso di rigidit\u00e0 di altre tipologie di&nbsp;lavoro, dobbiamo superare questo dualismo in favore dei giovani\" - ha sottolineato ancora Marcegaglia - .<\/SPAN><\/p>\n<p><SPAN style=\"FONT-FAMILY: 'Verdana','sans-serif'\">\"Questo momento per il paese \u00e8 molto importante \u2013 ha concluso - le&nbsp;crisi portano problemi ma anche discontinuit\u00e0. C'\u00e8 la&nbsp;consapevolezza che dobbiamo cambiare per dare le opportunit\u00e0 ai&nbsp;giovani. Io, fino all'ultimo giorno di lavoro in Confindustria,&nbsp;lavorer\u00f2 in questa direzione\".<\/SPAN><\/p>\n<p><B style=\"mso-bidi-font-weight: normal\"><SPAN style=\"FONT-FAMILY: 'Verdana','sans-serif'; mso-bidi-font-style: italic\">&nbsp;<\/SPAN><\/B><\/p>\n","protected":false},"excerpt":{"rendered":"<p>La riforma del mercato del lavoro &#8220;come&nbsp;\u00e8 noto, trover\u00e0 la sua conclusione per la fine di marzo&#8221;. Lo ha precisato oggi il presidente del Consiglio&#8230;<\/p>\n","protected":false},"author":2,"featured_media":0,"comment_status":"closed","ping_status":"closed","sticky":false,"template":"","format":"standard","meta":[],"categories":[49],"tags":[],"_links":{"self":[{"href":"https:\/\/www.cronacaonline.it\/index.php\/wp-json\/wp\/v2\/posts\/87902"}],"collection":[{"href":"https:\/\/www.cronacaonline.it\/index.php\/wp-json\/wp\/v2\/posts"}],"about":[{"href":"https:\/\/www.cronacaonline.it\/index.php\/wp-json\/wp\/v2\/types\/post"}],"author":[{"embeddable":true,"href":"https:\/\/www.cronacaonline.it\/index.php\/wp-json\/wp\/v2\/users\/2"}],"replies":[{"embeddable":true,"href":"https:\/\/www.cronacaonline.it\/index.php\/wp-json\/wp\/v2\/comments?post=87902"}],"version-history":[{"count":0,"href":"https:\/\/www.cronacaonline.it\/index.php\/wp-json\/wp\/v2\/posts\/87902\/revisions"}],"wp:attachment":[{"href":"https:\/\/www.cronacaonline.it\/index.php\/wp-json\/wp\/v2\/media?parent=87902"}],"wp:term":[{"taxonomy":"category","embeddable":true,"href":"https:\/\/www.cronacaonline.it\/index.php\/wp-json\/wp\/v2\/categories?post=87902"},{"taxonomy":"post_tag","embeddable":true,"href":"https:\/\/www.cronacaonline.it\/index.php\/wp-json\/wp\/v2\/tags?post=87902"}],"curies":[{"name":"wp","href":"https:\/\/api.w.org\/{rel}","templated":true}]}}