{"id":87900,"date":"2012-03-06T15:14:00","date_gmt":"2012-03-06T14:14:00","guid":{"rendered":"http:\/\/www.cronacaonline.it\/public\/content\/index.php\/06\/03\/2012\/inno-di-mameli-nelle-scuole-colli-psdaz-inaccettabile-linsegnamento-obbligatorio-nelle-scuole-il-nostro-inno-e-procurade-e-moderare"},"modified":"2012-03-06T15:14:00","modified_gmt":"2012-03-06T14:14:00","slug":"inno-di-mameli-nelle-scuole-colli-psdaz-inaccettabile-linsegnamento-obbligatorio-nelle-scuole-il-nostro-inno-e-procurade-e-moderare","status":"publish","type":"post","link":"https:\/\/www.cronacaonline.it\/index.php\/2012\/03\/06\/inno-di-mameli-nelle-scuole-colli-psdaz-inaccettabile-linsegnamento-obbligatorio-nelle-scuole-il-nostro-inno-e-procurade-e-moderare\/","title":{"rendered":"Inno di Mameli nelle scuole: Colli (Psd&#8217;Az), inaccettabile l\u2019insegnamento obbligatorio nelle scuole, il nostro inno \u00e8 \u201cProcurade e Moderare\u201d"},"content":{"rendered":"<p><SPAN style=\"LINE-HEIGHT: 115%; FONT-FAMILY: 'Verdana','sans-serif'; COLOR: black; FONT-SIZE: 12pt; mso-fareast-language: IT; mso-themecolor: text1\">\u201cPensare di voler imporre per legge l\u2019insegnamento obbligatorio dell\u2019inno di Mameli \u00e8 inaccettabile e grottesco, la Sardegna ha gi\u00e0 il suo inno nazionale che \u00e8&nbsp;Procurade e Moderare&nbsp;Barone sa tirannia\u201d.<\/SPAN><\/p>\n<p><SPAN style=\"LINE-HEIGHT: 115%; FONT-FAMILY: 'Verdana','sans-serif'; COLOR: black; FONT-SIZE: 12pt; mso-fareast-language: IT; mso-themecolor: text1\">Lo ha dichiarato il Segretario Nazionale del Psd\u2019az Giovanni Angelo Colli, commentando il&nbsp;<\/SPAN><SPAN style=\"LINE-HEIGHT: 115%; FONT-FAMILY: 'Verdana','sans-serif'; COLOR: black; FONT-SIZE: 12pt; mso-bidi-font-family: 'Times New Roman'; mso-fareast-language: IT; mso-themecolor: text1\">testo del provvedimento&nbsp;messo a punto in commissione Cultura alla Camera che&nbsp;prevede che dal 2012-2013 nelle scuole di ogni ordine e grado, siano organizzati percorsi didattici e iniziative per suscitare la riflessione sugli eventi e sul significato del risorgimento e che, in questo ambito, si insegni nelle scuole anche l'inno di Mameli. \u201cIl fatto che si tratti della sintesi di due proposte, una targata Pd del febbraio 2009 e una Pdl del febbraio 2011 la dice lunga anche sul carattere accentratore e reazionario dei fossili politici che sostengono il governo paracoloniale Monti \u2013 precisa Colli \u2013 che non trovano di meglio che richiamarsi ideologicamente a delle parole scritte nel 1847 per dimostrare di esistere.<\/SPAN><\/p>\n<p><SPAN style=\"LINE-HEIGHT: 115%; FONT-FAMILY: 'Verdana','sans-serif'; COLOR: black; FONT-SIZE: 12pt; mso-fareast-language: IT; mso-themecolor: text1\">Spero che questa vicenda serva almeno a far comprendere alla classe politica sarda quanto siano importanti i temi della cultura e dell\u2019identit\u00e0 anche nella prospettiva della difesa delle prerogative della Sardegna e dell\u2019affermazione di maggiori poteri di autogoverno\u201d. Da qui l\u2019invito del Segretario sardista al Presidente Cappellacci: \u201cLa Sardegna ha l\u2019obbligo di difendere l\u2019unit\u00e0 nazionale del Popolo sardo, che neanche 150 anni di storia italiana sono riusciti a cancellare, inserendo fra i temi di confronto con lo Stato italiano anche quello della tutela della lingua. Mi aspetto perci\u00f2 che la Regione Sardegna \u2013 conclude Colli \u2013 si attivi immediatamente in tal senso sia attraverso l\u2019adozione di provvedimenti immediati per l\u2019insegnamento della storia, della cultura e della lingua sarda nelle nostre scuole, che per completare il percorso normativo finalizzato all\u2019adozione di&nbsp;Procurade e&nbsp;Moderare&nbsp;Barone sa tirannia quale proprio&nbsp;inno ufficiale\u201d. Com<\/SPAN><\/p>\n","protected":false},"excerpt":{"rendered":"<p>\u201cPensare di voler imporre per legge l\u2019insegnamento obbligatorio dell\u2019inno di Mameli \u00e8 inaccettabile e grottesco, la Sardegna ha gi\u00e0 il suo inno nazionale che \u00e8&nbsp;Procurade&#8230;<\/p>\n","protected":false},"author":2,"featured_media":0,"comment_status":"closed","ping_status":"closed","sticky":false,"template":"","format":"standard","meta":[],"categories":[49],"tags":[],"_links":{"self":[{"href":"https:\/\/www.cronacaonline.it\/index.php\/wp-json\/wp\/v2\/posts\/87900"}],"collection":[{"href":"https:\/\/www.cronacaonline.it\/index.php\/wp-json\/wp\/v2\/posts"}],"about":[{"href":"https:\/\/www.cronacaonline.it\/index.php\/wp-json\/wp\/v2\/types\/post"}],"author":[{"embeddable":true,"href":"https:\/\/www.cronacaonline.it\/index.php\/wp-json\/wp\/v2\/users\/2"}],"replies":[{"embeddable":true,"href":"https:\/\/www.cronacaonline.it\/index.php\/wp-json\/wp\/v2\/comments?post=87900"}],"version-history":[{"count":0,"href":"https:\/\/www.cronacaonline.it\/index.php\/wp-json\/wp\/v2\/posts\/87900\/revisions"}],"wp:attachment":[{"href":"https:\/\/www.cronacaonline.it\/index.php\/wp-json\/wp\/v2\/media?parent=87900"}],"wp:term":[{"taxonomy":"category","embeddable":true,"href":"https:\/\/www.cronacaonline.it\/index.php\/wp-json\/wp\/v2\/categories?post=87900"},{"taxonomy":"post_tag","embeddable":true,"href":"https:\/\/www.cronacaonline.it\/index.php\/wp-json\/wp\/v2\/tags?post=87900"}],"curies":[{"name":"wp","href":"https:\/\/api.w.org\/{rel}","templated":true}]}}