{"id":87888,"date":"2012-03-09T15:14:00","date_gmt":"2012-03-09T14:14:00","guid":{"rendered":"http:\/\/www.cronacaonline.it\/public\/content\/index.php\/09\/03\/2012\/cappellacci-olbia-crocevia-della-battaglia-per-la-mobilita-dei-sardi"},"modified":"2012-03-09T15:14:00","modified_gmt":"2012-03-09T14:14:00","slug":"cappellacci-olbia-crocevia-della-battaglia-per-la-mobilita-dei-sardi","status":"publish","type":"post","link":"https:\/\/www.cronacaonline.it\/index.php\/2012\/03\/09\/cappellacci-olbia-crocevia-della-battaglia-per-la-mobilita-dei-sardi\/","title":{"rendered":"Cappellacci: \u201cOlbia crocevia della battaglia per la mobilit\u00e0 dei sardi&#8221;."},"content":{"rendered":"<p><\/SPAN><SPAN style=\"FONT-FAMILY: 'Verdana','sans-serif'; BACKGROUND: white\">\u201cLa citt\u00e0 di Olbia \u00e8 il crocevia della battaglia per la mobilit\u00e0 dei Sardi. Quando la continuit\u00e0 territoriale marittima e aerea che stiamo perseguendo sar\u00e0 una realt\u00e0, potremo dire che abbiamo iniziato da qui\u201d. Lo ha dichiarato il presidente Cappellacci durante la sua visita istituzionale presso la citt\u00e0 gallurese.<\/SPAN><\/p>\n<p><SPAN style=\"FONT-FAMILY: 'Verdana','sans-serif'; BACKGROUND: white\">\u201cE\u2019 da Olbia che nel giugno del 2011 \u00e8 partita la prima nave della flotta sarda - ha aggiunto - e sempre da qui, nel gennaio 2012, \u00e8 stata avviata la seconda fase di un\u2019azione di legittima difesa dei diritti dei Sardi, delle ragioni delle nostre imprese e delle regole del libero mercato. Non abbiamo l'aspirazione di fare gli armatori, ma quella di gestire i processi e di esercitare le competenze per far s\u00ec che ci si muova in uno scenario in cui siano rispettate le regole del libero mercato.<\/SPAN><\/p>\n<p><SPAN style=\"FONT-FAMILY: 'Verdana','sans-serif'; BACKGROUND: white\">Questa battaglia - ha proseguito il Capo dell'Esecutivo -&nbsp;\u00e8 arrivata a un bivio: attendiamo con fiducia, infatti, l\u2019esito dell\u2019indagine aperta dalla UE sulla vendita della Tirrenia alla CIN, per vedere se verranno accolte le nostre ragioni, e se finalmente potremmo rompere con un passato che ha penalizzato la Sardegna per costruire un modello di collegamenti marittimi rispettoso dei nostri diritti, delle regole del libero mercato e con standard qualitativi adeguati a un\u2019Isola che, stando anche alle recenti classifiche, risulta tra le mete turistiche pi\u00f9 ambite dai turisti. Olbia sar\u00e0 sicuramente uno dei poli di questo nuovo modello, esattamente come sar\u00e0 uno dei punti origine della nuova continuit\u00e0 aerea. Con il sistema della tariffa unica - ha concluso Cappellacci - secondo le nostre stime avremo un aumento significativo dei visitatori con importanti ricadute sull\u2019interno sistema economico e in particolare sul settore turistico\u201d<\/SPAN><FONT face=Calibri>. Com<\/FONT><\/SPAN><\/p>\n","protected":false},"excerpt":{"rendered":"<p>\u201cLa citt\u00e0 di Olbia \u00e8 il crocevia della battaglia per la mobilit\u00e0 dei Sardi. Quando la continuit\u00e0 territoriale marittima e aerea che stiamo perseguendo sar\u00e0&#8230;<\/p>\n","protected":false},"author":2,"featured_media":0,"comment_status":"closed","ping_status":"closed","sticky":false,"template":"","format":"standard","meta":[],"categories":[49],"tags":[],"_links":{"self":[{"href":"https:\/\/www.cronacaonline.it\/index.php\/wp-json\/wp\/v2\/posts\/87888"}],"collection":[{"href":"https:\/\/www.cronacaonline.it\/index.php\/wp-json\/wp\/v2\/posts"}],"about":[{"href":"https:\/\/www.cronacaonline.it\/index.php\/wp-json\/wp\/v2\/types\/post"}],"author":[{"embeddable":true,"href":"https:\/\/www.cronacaonline.it\/index.php\/wp-json\/wp\/v2\/users\/2"}],"replies":[{"embeddable":true,"href":"https:\/\/www.cronacaonline.it\/index.php\/wp-json\/wp\/v2\/comments?post=87888"}],"version-history":[{"count":0,"href":"https:\/\/www.cronacaonline.it\/index.php\/wp-json\/wp\/v2\/posts\/87888\/revisions"}],"wp:attachment":[{"href":"https:\/\/www.cronacaonline.it\/index.php\/wp-json\/wp\/v2\/media?parent=87888"}],"wp:term":[{"taxonomy":"category","embeddable":true,"href":"https:\/\/www.cronacaonline.it\/index.php\/wp-json\/wp\/v2\/categories?post=87888"},{"taxonomy":"post_tag","embeddable":true,"href":"https:\/\/www.cronacaonline.it\/index.php\/wp-json\/wp\/v2\/tags?post=87888"}],"curies":[{"name":"wp","href":"https:\/\/api.w.org\/{rel}","templated":true}]}}