{"id":87861,"date":"2012-03-08T15:14:00","date_gmt":"2012-03-08T14:14:00","guid":{"rendered":"http:\/\/www.cronacaonline.it\/public\/content\/index.php\/08\/03\/2012\/ucciso-in-nigeria-franco-lamolinara-dalle-teste-di-cuoio-britanniche"},"modified":"2012-03-08T15:14:00","modified_gmt":"2012-03-08T14:14:00","slug":"ucciso-in-nigeria-franco-lamolinara-dalle-teste-di-cuoio-britanniche","status":"publish","type":"post","link":"https:\/\/www.cronacaonline.it\/index.php\/2012\/03\/08\/ucciso-in-nigeria-franco-lamolinara-dalle-teste-di-cuoio-britanniche\/","title":{"rendered":"Ucciso in Nigeria Franco Lamolinara dalle teste di cuoio britanniche."},"content":{"rendered":"<p><SPAN style=\"FONT-FAMILY: 'Verdana','sans-serif'; COLOR: black\">Cameron ha espresso a Monti profondo cordoglio per la vittima italiana, rammaricandosi del drammatico esito dell'iniziativa militare decisa dalle autorit\u00e0 nigeriane e britanniche nella convinzione che questa fosse l'ultima finestra di opportunit\u00e0 per salvare la vita degli ostaggi.Dal momento del sequestro le autorit\u00e0 italiane avevano seguito la vicenda in stretto collegamento con quelle britanniche.<\/SPAN><\/p>\n<p><SPAN style=\"FONT-FAMILY: 'Verdana','sans-serif'; COLOR: black\">Nelle ultime ore si \u00e8 verificata un'accelerazione imprevista e, nel timore di un imminente pericolo di vita per gli ostaggi, l'operazione \u00e8 stata avviata autonomamente dalle autorit\u00e0 nigeriane con il sostegno britannico, informandone le autorit\u00e0 italiane solo ad operazione avviata.<\/SPAN><\/p>\n<p><SPAN style=\"FONT-FAMILY: 'Verdana','sans-serif'; COLOR: black\">Il Presidente del Consiglio, anche a nome del Governo, esprime commossa partecipazione al generale cordoglio e sentimenti di profonda solidariet\u00e0 ai famigliari per la tragica scomparsa dell'Ing. Franco Lamolinara.<\/SPAN><\/p>\n","protected":false},"excerpt":{"rendered":"<p>Cameron ha espresso a Monti profondo cordoglio per la vittima italiana, rammaricandosi del drammatico esito dell&#8217;iniziativa militare decisa dalle autorit\u00e0 nigeriane e britanniche nella convinzione&#8230;<\/p>\n","protected":false},"author":2,"featured_media":0,"comment_status":"closed","ping_status":"closed","sticky":false,"template":"","format":"standard","meta":[],"categories":[49],"tags":[],"_links":{"self":[{"href":"https:\/\/www.cronacaonline.it\/index.php\/wp-json\/wp\/v2\/posts\/87861"}],"collection":[{"href":"https:\/\/www.cronacaonline.it\/index.php\/wp-json\/wp\/v2\/posts"}],"about":[{"href":"https:\/\/www.cronacaonline.it\/index.php\/wp-json\/wp\/v2\/types\/post"}],"author":[{"embeddable":true,"href":"https:\/\/www.cronacaonline.it\/index.php\/wp-json\/wp\/v2\/users\/2"}],"replies":[{"embeddable":true,"href":"https:\/\/www.cronacaonline.it\/index.php\/wp-json\/wp\/v2\/comments?post=87861"}],"version-history":[{"count":0,"href":"https:\/\/www.cronacaonline.it\/index.php\/wp-json\/wp\/v2\/posts\/87861\/revisions"}],"wp:attachment":[{"href":"https:\/\/www.cronacaonline.it\/index.php\/wp-json\/wp\/v2\/media?parent=87861"}],"wp:term":[{"taxonomy":"category","embeddable":true,"href":"https:\/\/www.cronacaonline.it\/index.php\/wp-json\/wp\/v2\/categories?post=87861"},{"taxonomy":"post_tag","embeddable":true,"href":"https:\/\/www.cronacaonline.it\/index.php\/wp-json\/wp\/v2\/tags?post=87861"}],"curies":[{"name":"wp","href":"https:\/\/api.w.org\/{rel}","templated":true}]}}