{"id":87855,"date":"2012-03-23T15:14:00","date_gmt":"2012-03-23T14:14:00","guid":{"rendered":"http:\/\/www.cronacaonline.it\/public\/content\/index.php\/23\/03\/2012\/campo-rom-cagliari-accordo-regione-comune-riqualificazione-al-piu-presto"},"modified":"2012-03-23T15:14:00","modified_gmt":"2012-03-23T14:14:00","slug":"campo-rom-cagliari-accordo-regione-comune-riqualificazione-al-piu-presto","status":"publish","type":"post","link":"https:\/\/www.cronacaonline.it\/index.php\/2012\/03\/23\/campo-rom-cagliari-accordo-regione-comune-riqualificazione-al-piu-presto\/","title":{"rendered":"Campo rom Cagliari, accordo Regione-Comune: riqualificazione al pi\u00f9 presto"},"content":{"rendered":"<p>Avviare al pi\u00f9 presto lariqualificazione del campo rom di Cagliari, assicurando cos\u00ec condizioni di vitapi\u00f9 decorose in un\u2019area dove vivono anche diversi bambini e facendo cessarel\u2019emergenza di ordine pubblico che interessa abitazioni e imprese del quartieredi Mulinu Becciu. Regione e Comune si sono trovati d\u2019accordo questa mattinanell\u2019affrontare subito la vicenda nel corso di un incontro tra l\u2019assessoredella Sanit\u00e0 e Politiche sociali, Simona De Francisci, e il sindaco MassimoZedda.<\/p>\n<p>Alla riunione, tenutasi all\u2019assessorato regionale, eranopresenti anche l\u2019assessore comunale Susanna Orr\u00f9, il direttore generale delComune e dirigenti dei due enti.<\/p>\n<p>\u201cLa riqualificazione dell\u2019area \u2013 hanno concordato DeFrancisci e Zedda \u2013 non \u00e8 pi\u00f9 rinviabile ed \u00e8 la precondizione per ogni altrodiscorso che comunque andr\u00e0 fatto subito dopo, anche sul fronte dell\u2019inclusionesociale dei rom\u201d. \u201cNel dettaglio - ha chiarito il sindaco di Cagliari Zedda -si tratta di ripulire e di procedere alla derattizzazione di un\u2019area dovevivono diverse persone tra cui molti bambini e di dotarla dei sottoserviziessenziali. Si tratta di far cessare una emergenza che ha ripercussioni anchesugli abitanti di Mulinu Becciu e sul tessuto produttivo del rione\u201d. Per ora laRegione ha a disposizione 539mila euro, \u201cma \u2013 ha aggiunto la De Francisci -vedremo se anche attraverso il prossimo Collegato alla Finanziaria potremotrovarne di nuove\u201d.<\/p>\n<p>Al vaglio anche progetti di inclusione sociale,sfruttando anche i piani regionali esistenti, che puntino all\u2019integrazionedelle famiglie rom che oggi&nbsp;vivono nell\u2019area. L\u2019assessore ha ricordato iprogetti in corso attivati con il bando Ad Altiora in diverse province sarde,tra cui ad esempio gli interventi educativi a Carbonia e l\u2019inserimentolavorativo a Nuoro, che potrebbero essere un\u2019occasione anche per le famiglierom di Cagliari.&nbsp;<\/p>\n","protected":false},"excerpt":{"rendered":"<p>Avviare al pi\u00f9 presto lariqualificazione del campo rom di Cagliari, assicurando cos\u00ec condizioni di vitapi\u00f9 decorose in un\u2019area dove vivono anche diversi bambini e facendo&#8230;<\/p>\n","protected":false},"author":2,"featured_media":0,"comment_status":"closed","ping_status":"closed","sticky":false,"template":"","format":"standard","meta":[],"categories":[49],"tags":[],"_links":{"self":[{"href":"https:\/\/www.cronacaonline.it\/index.php\/wp-json\/wp\/v2\/posts\/87855"}],"collection":[{"href":"https:\/\/www.cronacaonline.it\/index.php\/wp-json\/wp\/v2\/posts"}],"about":[{"href":"https:\/\/www.cronacaonline.it\/index.php\/wp-json\/wp\/v2\/types\/post"}],"author":[{"embeddable":true,"href":"https:\/\/www.cronacaonline.it\/index.php\/wp-json\/wp\/v2\/users\/2"}],"replies":[{"embeddable":true,"href":"https:\/\/www.cronacaonline.it\/index.php\/wp-json\/wp\/v2\/comments?post=87855"}],"version-history":[{"count":0,"href":"https:\/\/www.cronacaonline.it\/index.php\/wp-json\/wp\/v2\/posts\/87855\/revisions"}],"wp:attachment":[{"href":"https:\/\/www.cronacaonline.it\/index.php\/wp-json\/wp\/v2\/media?parent=87855"}],"wp:term":[{"taxonomy":"category","embeddable":true,"href":"https:\/\/www.cronacaonline.it\/index.php\/wp-json\/wp\/v2\/categories?post=87855"},{"taxonomy":"post_tag","embeddable":true,"href":"https:\/\/www.cronacaonline.it\/index.php\/wp-json\/wp\/v2\/tags?post=87855"}],"curies":[{"name":"wp","href":"https:\/\/api.w.org\/{rel}","templated":true}]}}