{"id":87841,"date":"2012-03-14T15:14:00","date_gmt":"2012-03-14T14:14:00","guid":{"rendered":"http:\/\/www.cronacaonline.it\/public\/content\/index.php\/14\/03\/2012\/fornero-punta-allaccordo-entro-il-23-marzo"},"modified":"2012-03-14T15:14:00","modified_gmt":"2012-03-14T14:14:00","slug":"fornero-punta-allaccordo-entro-il-23-marzo","status":"publish","type":"post","link":"https:\/\/www.cronacaonline.it\/index.php\/2012\/03\/14\/fornero-punta-allaccordo-entro-il-23-marzo\/","title":{"rendered":"Fornero punta all&#8217;accordo entro il 23 marzo"},"content":{"rendered":"<p><SPAN style=\"LINE-HEIGHT: 115%; FONT-FAMILY: 'Verdana','sans-serif'; FONT-SIZE: 12pt\">\"Un accordo mi sembra realizzabile, lavoriamo per questo, e credo che potremmo farlo la prossima settima\", dice il ministro Elsa Fornero della riforma del mercato del Lavoro. \"Una cosa che caratterizza questo governo e' pensare al Paese nel suo insieme - dice -: Conto che quello che si fa per il Paese non possa essere rifiutato\".<\/SPAN><\/p>\n<p><SPAN style=\"LINE-HEIGHT: 115%; FONT-FAMILY: 'Verdana','sans-serif'; FONT-SIZE: 12pt\">\"Gli obiettivi rimangono. Un accordo con le parti sociali da realizzarsi entro il termine si pu\u00f2 fare, non \u00e8 che ci impicchiamo all'albero, ma per questo lavoriamo per realizzare l'accordo entro il 23 marzo\".<\/SPAN><SPAN class=apple-converted-space><SPAN style=\"LINE-HEIGHT: 115%; FONT-FAMILY: 'Verdana','sans-serif'; COLOR: black; FONT-SIZE: 12pt; mso-bidi-font-family: Arial\">&nbsp;<\/SPAN><\/SPAN><\/p>\n<p><SPAN style=\"LINE-HEIGHT: 115%; FONT-FAMILY: 'Verdana','sans-serif'; FONT-SIZE: 12pt\">\"Sono fiduciosa che le parti capiscano che questo dare oggi significa aprire per il domani, far uscire il Paese da quella trappola che si manifesta in un tasso di crescita pi\u00f9 basso, se non decrescita e stasi in alcuni casi\".<BR><BR>Dopo aver sottolineato che in un confronto come quello con le parti sociali possono esserci fasi diverse, con toni pi\u00f9 o meno accesi, del rapporto con sindacati e imprese il ministro dice: \"Ho sempre lavorato con l'obiettivo di cercare una intesa per una buona riforma per il Paese'.<\/SPAN><\/p>\n<p><SPAN style=\"LINE-HEIGHT: 115%; FONT-FAMILY: 'Verdana','sans-serif'; FONT-SIZE: 12pt\">Per poi sottolineare che la \"linea guida\" dell'azione del governo \u00e8 \"pensare al Paese nel suo insieme, ai diversi segmenti che possono trovarsi in situazioni diverse, senza dover rendere contro a qualche segmento in particolare\".<\/SPAN><\/p>\n<p><SPAN style=\"LINE-HEIGHT: 115%; FONT-FAMILY: 'Verdana','sans-serif'; FONT-SIZE: 12pt\">Nel definire la riforma abbiamo in mente - ha proseguito Fornero - una forma contrattuale dominante, e questa \u00e8 il contratto di lavoro subordinato a tempo indeterminato, che preveda l'ingresso nel mercato del lavoro possibilmente in giovane et\u00e0 attraverso un vero apprendistato: su questo terreno non partiamo da zero e devo riconoscere il lavoro fatto in questo senso dal precedente governo\".<\/SPAN><\/p>\n<p><SPAN style=\"LINE-HEIGHT: 115%; FONT-FAMILY: 'Verdana','sans-serif'; FONT-SIZE: 12pt\">I&nbsp;tempi di attuazione sono stati accorciati; il nuovo sistema di ammortizzatori sociali dovrebbe partire quest\u2019anno per entrare poi a pieno regime nel 2015, due anni in anticipo rispetto ai tempi previsti.<\/SPAN><\/p>\n<p><SPAN style=\"LINE-HEIGHT: 115%; FONT-FAMILY: 'Verdana','sans-serif'; FONT-SIZE: 12pt\">Non viene toccata la<\/SPAN><SPAN class=apple-converted-space><SPAN style=\"LINE-HEIGHT: 115%; FONT-FAMILY: 'Verdana','sans-serif'; COLOR: black; FONT-SIZE: 12pt; mso-bidi-font-family: Arial\">&nbsp;<\/SPAN><\/SPAN><STRONG><SPAN style=\"LINE-HEIGHT: 115%; FONT-FAMILY: 'Verdana','sans-serif'; COLOR: black; FONT-SIZE: 12pt; mso-bidi-font-family: Arial\">Cassa integrazione straordinaria<\/SPAN><\/STRONG><SPAN style=\"LINE-HEIGHT: 115%; FONT-FAMILY: 'Verdana','sans-serif'; FONT-SIZE: 12pt\">, ma sar\u00e0 unicamente eliminata \u201cla causale per cessazione di attivit\u00e0\u201d.<\/SPAN><SPAN class=apple-converted-space><SPAN style=\"LINE-HEIGHT: 115%; FONT-FAMILY: 'Verdana','sans-serif'; COLOR: black; FONT-SIZE: 12pt; mso-bidi-font-family: Arial\"><\/SPAN><\/SPAN><\/p>\n<p><SPAN style=\"LINE-HEIGHT: 115%; FONT-FAMILY: 'Verdana','sans-serif'; FONT-SIZE: 12pt\">Inoltre, nell\u2019ambito delle tipologie contrattuali, non ci sar\u00e0 un contratto unico ma un<\/SPAN><SPAN class=apple-converted-space><SPAN style=\"LINE-HEIGHT: 115%; FONT-FAMILY: 'Verdana','sans-serif'; COLOR: black; FONT-SIZE: 12pt; mso-bidi-font-family: Arial\">&nbsp;<\/SPAN><\/SPAN><STRONG><SPAN style=\"LINE-HEIGHT: 115%; FONT-FAMILY: 'Verdana','sans-serif'; COLOR: black; FONT-SIZE: 12pt; mso-bidi-font-family: Arial\">\u201ccontratto dominante\u201d<\/SPAN><\/STRONG><SPAN class=apple-converted-space><SPAN style=\"LINE-HEIGHT: 115%; FONT-FAMILY: 'Verdana','sans-serif'; COLOR: black; FONT-SIZE: 12pt; mso-bidi-font-family: Arial\">&nbsp;<\/SPAN><\/SPAN><SPAN style=\"LINE-HEIGHT: 115%; FONT-FAMILY: 'Verdana','sans-serif'; FONT-SIZE: 12pt\">che incentivi l\u2019apprendistato a tempo indeterminato come strumento di ingresso nel mondo lavorativo.<\/SPAN><\/p>\n<p><SPAN style=\"LINE-HEIGHT: 115%; FONT-FAMILY: 'Verdana','sans-serif'; FONT-SIZE: 12pt\">In merito invece al reperimento delle risorse necessarie al finanziamento della riforma, il Ministro ha precisato che non si faranno prelievi dal fondo sociale, ma esse verranno ricercate altrove.<\/SPAN><\/p>\n<p><SPAN style=\"LINE-HEIGHT: 115%; FONT-FAMILY: 'Verdana','sans-serif'; FONT-SIZE: 12pt\">Ed ecco il cuore del progetto. \u00c8 prevista l\u2019introduzione della c.d.&nbsp;<\/SPAN><SPAN class=apple-converted-space><SPAN style=\"LINE-HEIGHT: 115%; FONT-FAMILY: 'Verdana','sans-serif'; COLOR: black; FONT-SIZE: 12pt; mso-bidi-font-family: Arial\">&nbsp;<\/SPAN><\/SPAN><STRONG><SPAN style=\"LINE-HEIGHT: 115%; FONT-FAMILY: 'Verdana','sans-serif'; COLOR: black; FONT-SIZE: 12pt; mso-bidi-font-family: Arial\">\u201cAssicurazione sociale per l\u2019impiego\u201d (Aspi)<\/SPAN><\/STRONG><SPAN style=\"LINE-HEIGHT: 115%; FONT-FAMILY: 'Verdana','sans-serif'; FONT-SIZE: 12pt\">, un mezzo di sostegno e di tutela che andr\u00e0 a sostituire le vigenti indennit\u00e0 di mobilit\u00e0, l\u2019una tantum per i co.co.pro, gli incentivi di mobilit\u00e0 e di disoccupazione per gli apprendisti e altre indennit\u00e0 simili, ma non la CIG ordinaria. In particolare: si applicher\u00e0 a tutti i lavoratori dipendenti privati e pubblici impiegati con contratti non a tempo indeterminato; saranno necessari almeno due anni di anzianit\u00e0 assicurativa del dipendente e almeno 52 settimane di lavoro nell\u2019ultimo biennio; la durata del bonus sar\u00e0 di 12 mesi e di 15 mesi per i lavoratori con pi\u00f9 di 58 anni; l\u2019importo medio arriver\u00e0 alla soglia dei 1.119 euro; l\u2019aliquota contributiva sar\u00e0 circa dell\u20191,3%, con un aumento all\u20191,4% per i lavoratori non a tempo indeterminato; l\u2019indennit\u00e0 sar\u00e0 sottoposta ad un meccanismo di riduzione del 15% dopo i primi sei mesi e di un ulteriore 15%&nbsp; dopo altri sei mesi.<\/SPAN><\/p>\n<p><\/SPAN><\/p>\n","protected":false},"excerpt":{"rendered":"<p>&#8220;Un accordo mi sembra realizzabile, lavoriamo per questo, e credo che potremmo farlo la prossima settima&#8221;, dice il ministro Elsa Fornero della riforma del mercato&#8230;<\/p>\n","protected":false},"author":2,"featured_media":0,"comment_status":"closed","ping_status":"closed","sticky":false,"template":"","format":"standard","meta":[],"categories":[49],"tags":[],"_links":{"self":[{"href":"https:\/\/www.cronacaonline.it\/index.php\/wp-json\/wp\/v2\/posts\/87841"}],"collection":[{"href":"https:\/\/www.cronacaonline.it\/index.php\/wp-json\/wp\/v2\/posts"}],"about":[{"href":"https:\/\/www.cronacaonline.it\/index.php\/wp-json\/wp\/v2\/types\/post"}],"author":[{"embeddable":true,"href":"https:\/\/www.cronacaonline.it\/index.php\/wp-json\/wp\/v2\/users\/2"}],"replies":[{"embeddable":true,"href":"https:\/\/www.cronacaonline.it\/index.php\/wp-json\/wp\/v2\/comments?post=87841"}],"version-history":[{"count":0,"href":"https:\/\/www.cronacaonline.it\/index.php\/wp-json\/wp\/v2\/posts\/87841\/revisions"}],"wp:attachment":[{"href":"https:\/\/www.cronacaonline.it\/index.php\/wp-json\/wp\/v2\/media?parent=87841"}],"wp:term":[{"taxonomy":"category","embeddable":true,"href":"https:\/\/www.cronacaonline.it\/index.php\/wp-json\/wp\/v2\/categories?post=87841"},{"taxonomy":"post_tag","embeddable":true,"href":"https:\/\/www.cronacaonline.it\/index.php\/wp-json\/wp\/v2\/tags?post=87841"}],"curies":[{"name":"wp","href":"https:\/\/api.w.org\/{rel}","templated":true}]}}