{"id":87811,"date":"2012-03-23T15:14:00","date_gmt":"2012-03-23T14:14:00","guid":{"rendered":"http:\/\/www.cronacaonline.it\/public\/content\/index.php\/23\/03\/2012\/tirrenia-cappellacci-lobiettivo-e-ridare-alla-sardegna-potere-decisionale-e-vogliamo-riscrivere-continuita-marittima"},"modified":"2012-03-23T15:14:00","modified_gmt":"2012-03-23T14:14:00","slug":"tirrenia-cappellacci-lobiettivo-e-ridare-alla-sardegna-potere-decisionale-e-vogliamo-riscrivere-continuita-marittima","status":"publish","type":"post","link":"https:\/\/www.cronacaonline.it\/index.php\/2012\/03\/23\/tirrenia-cappellacci-lobiettivo-e-ridare-alla-sardegna-potere-decisionale-e-vogliamo-riscrivere-continuita-marittima\/","title":{"rendered":"Tirrenia, Cappellacci: \u201cl\u2019obiettivo \u00e8 ridare alla Sardegna potere decisionale e vogliamo riscrivere continuit\u00e0 marittima.\u201d"},"content":{"rendered":"<p>\"Ottenere per la Sardegna il potere di decidere lapolitica della continuit\u00e0 territoriale marittima: \u00e8 questo il grande obiettivoda raggiungere e sul quale, alla luce degli ultimi sviluppi, non indietreggiamodi un solo passo, ma rilanciamo le nostre iniziative con determinazione.\u201d <\/p>\n<p>Cos\u00ec il presidente Cappellacci ritorna sulla questionerelativa alla cessione della compagnia di navigazione. \u201cAccertato che le nostredenunce erano tutt\u2019altro che infondate- ha aggiunto il presidente, riferendosiall\u2019esito dell\u2019indagine che l\u2019Unione Europea ha aperto sulla scorta dellesegnalazione inviata dallo stesso Cappellacci nel settembre 2011-, non possiamofermarci alla battaglia ma dobbiamo andare a vincere la guerra per la tuteladel sacrosanto diritto alla mobilit\u00e0 dei Sardi e per tutelare la possibilit\u00e0concreta per le nostre imprese di accedere ai mercati extraregionali. Queldialogo che invano cercammo all\u2019inizio di questa vicenda pu\u00f2 riprendere solo acondizione che la Sardegna abbia il ruolo che ad essa spetta: quello didecidere in materia di collegamenti marittimi. La Regione non va alla ricercadi un posto in un ipotetico consiglio di amministrazione n\u00e9 ha l\u2019aspirazione diesercitare l\u2019attivit\u00e0 di armatore, ma intende operare su un piano diverso e pi\u00f9elevato,&nbsp;&nbsp;nel ruolo di chi, secondo il diritto, stabilisce le regoledella continuit\u00e0 e pu\u00f2 incidere concretamente sulla concreta attuazione dellestesse. <\/p>\n<p>Vogliamo \u2013 conclude il presidente della Regione Sardegna- riscrivere la storia della continuit\u00e0 marittima e relegare al passato unsistema che per la Sardegna \u00e8 stato sinonimo di soprusi, di manchevolezze, diposti di lavoro mai nati, persi o messi in pericolo a causa di interessilontani dalla nostra Isola. Siamo pertanto disponibili a considerare soloipotesi che diano alla Regione la possibilit\u00e0 di adottare quelle soluzioni checonsentano di avere collegamenti efficienti, prezzi accessibili, standardqualitativi elevati e soprattutto la massima garanzia, per oggi e perl\u2019avvenire, della piena effettivit\u00e0 del diritto alla mobilit\u00e0 dei Sardi. Soloallora la nostra iniziativa, che prosegue sulla scia dei principi che hannoispirato l\u2019operazione \u201cflotta sarda\u201d e la difesa in tutte le sedi politiche egiurisdizionali dei diritti dei Sardi, potr\u00e0 dirsi conclusa\u201d. Com<\/p>\n","protected":false},"excerpt":{"rendered":"<p>&#8220;Ottenere per la Sardegna il potere di decidere lapolitica della continuit\u00e0 territoriale marittima: \u00e8 questo il grande obiettivoda raggiungere e sul quale, alla luce degli&#8230;<\/p>\n","protected":false},"author":2,"featured_media":0,"comment_status":"closed","ping_status":"closed","sticky":false,"template":"","format":"standard","meta":[],"categories":[49],"tags":[],"_links":{"self":[{"href":"https:\/\/www.cronacaonline.it\/index.php\/wp-json\/wp\/v2\/posts\/87811"}],"collection":[{"href":"https:\/\/www.cronacaonline.it\/index.php\/wp-json\/wp\/v2\/posts"}],"about":[{"href":"https:\/\/www.cronacaonline.it\/index.php\/wp-json\/wp\/v2\/types\/post"}],"author":[{"embeddable":true,"href":"https:\/\/www.cronacaonline.it\/index.php\/wp-json\/wp\/v2\/users\/2"}],"replies":[{"embeddable":true,"href":"https:\/\/www.cronacaonline.it\/index.php\/wp-json\/wp\/v2\/comments?post=87811"}],"version-history":[{"count":0,"href":"https:\/\/www.cronacaonline.it\/index.php\/wp-json\/wp\/v2\/posts\/87811\/revisions"}],"wp:attachment":[{"href":"https:\/\/www.cronacaonline.it\/index.php\/wp-json\/wp\/v2\/media?parent=87811"}],"wp:term":[{"taxonomy":"category","embeddable":true,"href":"https:\/\/www.cronacaonline.it\/index.php\/wp-json\/wp\/v2\/categories?post=87811"},{"taxonomy":"post_tag","embeddable":true,"href":"https:\/\/www.cronacaonline.it\/index.php\/wp-json\/wp\/v2\/tags?post=87811"}],"curies":[{"name":"wp","href":"https:\/\/api.w.org\/{rel}","templated":true}]}}