{"id":87790,"date":"2012-03-09T15:14:00","date_gmt":"2012-03-09T14:14:00","guid":{"rendered":"http:\/\/www.cronacaonline.it\/public\/content\/index.php\/09\/03\/2012\/copagri-sardegna-finanziaria-regionale-lagricoltura-sarda-ne-esce-malconcia"},"modified":"2012-03-09T15:14:00","modified_gmt":"2012-03-09T14:14:00","slug":"copagri-sardegna-finanziaria-regionale-lagricoltura-sarda-ne-esce-malconcia","status":"publish","type":"post","link":"https:\/\/www.cronacaonline.it\/index.php\/2012\/03\/09\/copagri-sardegna-finanziaria-regionale-lagricoltura-sarda-ne-esce-malconcia\/","title":{"rendered":"Copagri Sardegna: Finanziaria regionale, l&#8217;agricoltura sarda ne esce malconcia"},"content":{"rendered":"<p><FONT face=Calibri>\u00abL'agricoltura sarda era debole e la Finanziaria regionale non la rafforza di certo: il Consiglio regionale ha fatto uno sforzo per recuperare e riprogrammare le risorse per affrontare la crisi, ma il comparto non ne beneficer\u00e0\u00bb. Infatti, Copagri Sardegna, all'indomani dell'approvazione della Finanziaria 2012, stima che del totale delle risorse programmate in bilancio, al netto dei fondi destinati alle agenzie ed enti agricoli, alle attivit\u00e0 pi\u00f9 propriamente produttive vada poco pi\u00f9 dello 0,5% (una quarantina di milioni di euro). Questo nonostante la forte contrazione dei redditi nei principali settori (dalla zootecnia alla cerealicoltura e ortofrutta), e la prospettiva dei maggiori costi per effetto dell\u2019IMU, dell\u2019aumento degli oneri previdenziali, e a fronte di un inarrestabile incremento del costo dei carburanti nonch\u00e9 la diminuzione dei consumi alimentari.<\/FONT><\/p>\n<p><FONT face=Calibri>Le criticit\u00e0 riguardano tutti i settori dell'agricoltura. <\/FONT><\/p>\n<p><FONT face=Calibri>La legge regionale 15 del 2010, \u00e8 stata \u201cspolpata\u201d prima dal collegato alla Finanziaria 2011 e oggi dalla Manovra, con un taglio complessiv<SPAN style=\"COLOR: navy\">o<\/SPAN><SPAN style=\"COLOR: red\"> <\/SPAN>di risorse di circa 32 milioni di euro, fondi che erano destinati a interventi sostanziali come il rafforzamento della struttura finanziaria della cooperazione, l\u2019acquisto collettivo di mangimi, lo sviluppo della cerealicoltura, che invece subisce un dimezzamento dei<SPAN style=\"mso-spacerun: yes\">&nbsp; <\/SPAN>fondi. Le nuove risorse sarebbero dovute servire anche all\u2019abbattimento degli interessi sui prestiti a breve e invece si assiste al recupero<SPAN style=\"mso-spacerun: yes\">&nbsp; <\/SPAN>per il solo 2012, di un milione di euro, rispetto allo stanziamento originario di 2 milioni sia per il 2012 che per il 2013. Insufficienti anche le risorse destinate ai Consorzi di bonifica: i fondi non copriranno gli oneri a carico della Regione previsti dalla legge di riforma. <\/FONT><\/p>\n<p><FONT face=Calibri>Sul problema della peste suina, aggiunte, Copagri Sardegna sottolinea come si trovino 3 milioni di euro per risarcire giustamente gli allevatori in regola colpiti dai focolai con risorse che per\u00f2 vengono sottratte allo stesso comparto. Non si \u00e8 tenuto conto che la spesa sul PSR, negli assi fondamentali per lo sviluppo, quelli dedicati all\u2019ammodernamento e alla competitivit\u00e0 arranca e che, sono venute meno le risorse per coprire gli oneri dell\u2019indennit\u00e0 compensativa per il 2012 (parte) e 2013.<\/FONT><\/p>\n<p><FONT face=Calibri>In tema di continuit\u00e0 territoriale delle merci, conclude la nota - la destinazione di 18 milioni in tre anni rappresenta indubbiamente un passo in avanti, ma certamente i fondi non possono essere sufficienti per garantire pienamente trasporti a costi equivalenti a quelli della terraferma. Va poi considerato che la continuit\u00e0 non pu\u00f2 essere confusa con un aiuto agli autotrasportatori e pertanto, nella fase di attuazione della norma, occorrer\u00e0 garantire che vi siano ricadute positive sui costi a carico dell\u2019utenza e quindi delle imprese, comprese quelle agro-alimentari. Com<\/FONT><\/p>\n","protected":false},"excerpt":{"rendered":"<p>\u00abL&#8217;agricoltura sarda era debole e la Finanziaria regionale non la rafforza di certo: il Consiglio regionale ha fatto uno sforzo per recuperare e riprogrammare le&#8230;<\/p>\n","protected":false},"author":2,"featured_media":0,"comment_status":"closed","ping_status":"closed","sticky":false,"template":"","format":"standard","meta":[],"categories":[49],"tags":[],"_links":{"self":[{"href":"https:\/\/www.cronacaonline.it\/index.php\/wp-json\/wp\/v2\/posts\/87790"}],"collection":[{"href":"https:\/\/www.cronacaonline.it\/index.php\/wp-json\/wp\/v2\/posts"}],"about":[{"href":"https:\/\/www.cronacaonline.it\/index.php\/wp-json\/wp\/v2\/types\/post"}],"author":[{"embeddable":true,"href":"https:\/\/www.cronacaonline.it\/index.php\/wp-json\/wp\/v2\/users\/2"}],"replies":[{"embeddable":true,"href":"https:\/\/www.cronacaonline.it\/index.php\/wp-json\/wp\/v2\/comments?post=87790"}],"version-history":[{"count":0,"href":"https:\/\/www.cronacaonline.it\/index.php\/wp-json\/wp\/v2\/posts\/87790\/revisions"}],"wp:attachment":[{"href":"https:\/\/www.cronacaonline.it\/index.php\/wp-json\/wp\/v2\/media?parent=87790"}],"wp:term":[{"taxonomy":"category","embeddable":true,"href":"https:\/\/www.cronacaonline.it\/index.php\/wp-json\/wp\/v2\/categories?post=87790"},{"taxonomy":"post_tag","embeddable":true,"href":"https:\/\/www.cronacaonline.it\/index.php\/wp-json\/wp\/v2\/tags?post=87790"}],"curies":[{"name":"wp","href":"https:\/\/api.w.org\/{rel}","templated":true}]}}