{"id":87784,"date":"2012-03-22T15:14:00","date_gmt":"2012-03-22T14:14:00","guid":{"rendered":"http:\/\/www.cronacaonline.it\/public\/content\/index.php\/22\/03\/2012\/lavori-del-consiglio-regionale-sardo-su-mozioni-e-interpellanze-in-materia-sanitaria"},"modified":"2012-03-22T15:14:00","modified_gmt":"2012-03-22T14:14:00","slug":"lavori-del-consiglio-regionale-sardo-su-mozioni-e-interpellanze-in-materia-sanitaria","status":"publish","type":"post","link":"https:\/\/www.cronacaonline.it\/index.php\/2012\/03\/22\/lavori-del-consiglio-regionale-sardo-su-mozioni-e-interpellanze-in-materia-sanitaria\/","title":{"rendered":"Lavori del Consiglio regionale sardo su mozioni e interpellanze in materia sanitaria"},"content":{"rendered":"<p>Sotto la presidenza di Claudia Lombardola discussione generale sulla Sanit\u00e0 sarda \u00e8 ripresa nelpomeriggio. Subito ha preso la parola Giampaolo Diana, capogruppo delPd, che ha detto: \u201cLa mozione Barracciu ha il merito di aver postoal centro del dibattito un tema che la Giunta avrebbe dovuto porre alcentro dell'attenzione. La funzione attuale della Sanit\u00e0 \u00e8gestire il consenso politico e non curare la salute dei sardi, vistoche il primo atto di questa maggioranza \u00e8 stato commissariare le Asle a distanza di tre anni la riforma della Sanit\u00e0 non c'\u00e8 stata. Ese questo non \u00e8 vero vuol dire che siete incapaci. Perfinol'assessore Oppi, con la franchezza che lo contraddistingue, hadetto alcune cose importanti. Non si comprende perch\u00e9 non facciate iconcorsi e perch\u00e9 lasciate questa discrezionalit\u00e0 ai direttorigenerali per la nomina dei primari. Perch\u00e9 sono ancora scopertitanti posti da primariato? Assessore, ce lo dica. E cos\u00ec sulpersonale: o lei \u00e8 complice, assessore, di questa situazione, oppurenon capisco perch\u00e9 non riesca a interrompere l\u2019uso illegaledell'interinale.<\/p>\n<p>Per l'assessore De Francisci \u201cquestamozione ha intanto ottenuto il risultato di portare il tema al centrodel dibattito politico. Come precondizione di ogni altroragionamento, dico che \u00e8 necessario portare in Aula la riforma echiedo ai capigruppo di mettere la riforma al centro dellaprogrammazione trimestrale dei lavori del Consiglio regionale.Emendiamo, se necessario, troviamo una sintesi. Per\u00f2, facciamolo:non \u00e8 pi\u00f9 possibile rinviare quest'atto di programmazione. Per\u00f2,\u00e8 anche ingenerosi dire che la Giunta non ha fatto niente: abbiamoapprovato la riforma e atti di programmazione come il piano diriorganizzazione della rete ospedaliera. Non sono innamorata dellapoltrona che occupo, lo faccio con grande sacrificio ma se \u00e8 utilesono pronta a lasciarla nelle mani del presidente che mi ha chiestodi occuparmi della sanit\u00e0. Ma non credo che sia questo il punto:dobbiamo fare sintesi tra tutte le forze politiche per arrivare a unariforma condivisa\u201d. Sul disavanzo l'assessore ha detto: \u201cIl lordo\u00e8 di 198 milioni di euro ma senza gli ammortamenti il disavanzo \u00e8di 159 milioni. Il deficit reale \u00e8 di 96 milioni di euro, con ilconto economico alla mano. Non sono interessata a cercareresponsabilit\u00e0 negli anni passati ma a contribuire alla riformanecessaria della Sanit\u00e0 sarda. L'assessore ha parlato anche delleliste d'attesa, della sanit\u00e0 privata, del costo del ticket. Sugliinterinali ha detto: \u201cLe Asl hanno ricevuto pi\u00f9 di un sollecito enel frattempo sono stati bloccati tutti i processi. Stiamoaggiornando un file tutte le volte che le Asl ci danno aggiornamentie che sar\u00e0 a disposizione della commissione Sanit\u00e0. Non amiamo laprecarizzazione del lavoro.<\/p>\n<p>Barracciu (Pd) ha replicato: \u201cRingraziotutti per l'attenzione ma questa mozione non \u00e8 una diatriba digenere, come ha detto Sanjust. Come giudicare altrimenti leconsiderazioni di Oppi e di tanti altri? Sono diatribe tra uomini euna donna? Sanjust, lei ha parlato da proto maschilista e nonesistono diatribe ma di genere ma questioni politiche che interessanoquest'Aula. Da certi elementi come la mancata approvazione dellariforma del piano sanitario si coglie il fallimento di una coalizioneche \u00e8 stata messa insieme contro qualcuno e non per qualcosa. Se ilPiano sanitario \u00e8 una buona base di partenza, come ha dettol'assessore, perch\u00e9 non si riporta quello in commissione Sanit\u00e0?E i direttori generali, non hanno forse bisogni di indirizzi politicie programmatici? Non possono fare quello che vogliono in una prateriadi discrezionalit\u00e0 che non va bene. Lo stesso dico sulle listed'attesa: sono sempre intasate, come prima. E\u2019 disarmante la suaammissione, assessore, rispetto alle questioni poste e spiace che leiconsideri questa mozione come non approvabile.<\/p>\n<p>Hanno preso la parola anche Cocco (Sel)e Steri (Udc), che ha detto: \u201cNon sono soddisfatto perch\u00e9l'assessore non ha avuto la possibilit\u00e0 di replicare alla miainterpellanza. Spero ne abbia preso nota e che la giunta provveda. Espero anche che la Giunta chieda di portare la riforma del pianosanitario all'esame della commissione e dell'Aula. Per Diana (Pd)\u201cil tema delle liste d'attesa non \u00e8 stato affrontato. Mi rendoconto che il tempo sia tiranno ma vorremmo sapere che utilit\u00e0 hannoprodotto le risorse destinate alla riduzione dei tempi delle listed'attesa. E\u2019 intollerabile che centinaia di interpellanze einterrogazioni non abbiano risposta\u201d.<\/p>\n<p>La mozione 171 \u00e8 stata votata e perdichiarazioni di voto \u00e8 intervenuto Pitea (Pdl): Ho assistito a undibattito franco e l'Aula non pu\u00f2 perdere l'occasione perconcludere il dibattito con un ordine del giorno unitario altrimentivoter\u00f2 a favore della mozione. Steri (Udc) e Meloni (Riformatori)hanno annunciato il voto contrario \u201cnonostante, e non a causadell'assessore De Francisci, non stiamo governando bene laSanit\u00e0\u201d.&nbsp;Favorevole si \u00e8 dichiarato Salis (Idv): Se il pianoDirindin era fatto male \u00e8 indubbio che ancora voi ne dobbiatepresentare uno e invece eludete il problema. Per Uras (Sel) non si saperch\u00e9 i consiglieri regionali non possono accedere ai file delsistema informatico della Regione? Si faccia luce su questa nebbia esulla tutela della riservatezza dei dati\u201d. Favorevoli anche gli on.Agus (Pd) e Lotto (Pd). Contrario il capogruppo del Pdl, on. MarioDiana: \u201cPorteremo al pi\u00f9 presto la riforma sanitaria in Aula, lalegge sulla famiglie e sulle malattie rare. Vargiu ha detto: Unariforma sanitaria c'\u00e8 ma se ne viene proposta un'altraevidentemente \u00e8 perch\u00e9 ce n'\u00e8 bisogno.<\/p>\n<p>L'Aula ha respinto la mozioneBarracciu mentre sulla mozione Cocco (sulla sperimentazione delmetodo Zamboni sulla sclerosi multipla) da pi\u00f9 parti, anche dellamaggioranza, \u00e8 giunto l'invito a un'approvazione corale. Soru(Pd) ha ricordato che in Sardegna \u201cesiste una societ\u00e0, Fase 1,costituita con denaro pubblico per valutare le sperimentazionifarmacologiche. Non capisco come facciamo a sostituirci ai tecnici eper questo mi astengo. Ma Meloni (Riformatori) ha spiegato che Fase 1non \u00e8 competente in materia e per questo voter\u00f2 a favore perch\u00e9non me la sento di togliere la speranza. Visto che abbiamo risorselimitate \u00e8 chiaro che dovremo rinunciare a qualcosa. Favorevolianche gli Uras (Sel ), Diana (Pdl), Vargiu (Riformatori) e Locci(Pdl). Anche Diana (Pd) ha annunciato l'astensione. La mozioneCocco \u00e8 stata approvata.<\/p>\n","protected":false},"excerpt":{"rendered":"<p>Sotto la presidenza di Claudia Lombardola discussione generale sulla Sanit\u00e0 sarda \u00e8 ripresa nelpomeriggio. Subito ha preso la parola Giampaolo Diana, capogruppo delPd, che ha&#8230;<\/p>\n","protected":false},"author":2,"featured_media":0,"comment_status":"closed","ping_status":"closed","sticky":false,"template":"","format":"standard","meta":[],"categories":[49],"tags":[],"_links":{"self":[{"href":"https:\/\/www.cronacaonline.it\/index.php\/wp-json\/wp\/v2\/posts\/87784"}],"collection":[{"href":"https:\/\/www.cronacaonline.it\/index.php\/wp-json\/wp\/v2\/posts"}],"about":[{"href":"https:\/\/www.cronacaonline.it\/index.php\/wp-json\/wp\/v2\/types\/post"}],"author":[{"embeddable":true,"href":"https:\/\/www.cronacaonline.it\/index.php\/wp-json\/wp\/v2\/users\/2"}],"replies":[{"embeddable":true,"href":"https:\/\/www.cronacaonline.it\/index.php\/wp-json\/wp\/v2\/comments?post=87784"}],"version-history":[{"count":0,"href":"https:\/\/www.cronacaonline.it\/index.php\/wp-json\/wp\/v2\/posts\/87784\/revisions"}],"wp:attachment":[{"href":"https:\/\/www.cronacaonline.it\/index.php\/wp-json\/wp\/v2\/media?parent=87784"}],"wp:term":[{"taxonomy":"category","embeddable":true,"href":"https:\/\/www.cronacaonline.it\/index.php\/wp-json\/wp\/v2\/categories?post=87784"},{"taxonomy":"post_tag","embeddable":true,"href":"https:\/\/www.cronacaonline.it\/index.php\/wp-json\/wp\/v2\/tags?post=87784"}],"curies":[{"name":"wp","href":"https:\/\/api.w.org\/{rel}","templated":true}]}}