{"id":87745,"date":"2012-03-26T15:14:00","date_gmt":"2012-03-26T14:14:00","guid":{"rendered":"http:\/\/www.cronacaonline.it\/public\/content\/index.php\/26\/03\/2012\/e-port-primo-forum-annuale-sullo-sviluppo-dei-porti-turistici-ad-olbia-due-giorni-di-lavori-intensi-oggi-26-e-domani-27"},"modified":"2012-03-26T15:14:00","modified_gmt":"2012-03-26T14:14:00","slug":"e-port-primo-forum-annuale-sullo-sviluppo-dei-porti-turistici-ad-olbia-due-giorni-di-lavori-intensi-oggi-26-e-domani-27","status":"publish","type":"post","link":"https:\/\/www.cronacaonline.it\/index.php\/2012\/03\/26\/e-port-primo-forum-annuale-sullo-sviluppo-dei-porti-turistici-ad-olbia-due-giorni-di-lavori-intensi-oggi-26-e-domani-27\/","title":{"rendered":"E-Port, primo forum annuale sullo sviluppo dei porti turistici. Ad Olbia due giorni di lavori intensi (oggi 26 e domani 27)."},"content":{"rendered":"<p>\u201cLa Gallura vuole diventare nel Mediterraneo, polo di attrazionee sviluppo del diportismo nautico\u201d, lo ha detto chiaramente,<span style=\"mso-spacerun: yes;\">&nbsp; <\/span>il Presidente della Provincia Olbia Tempio FedeleSanciu in apertura dei lavori di E<span style='mso-fareast-font-family: \"Arial Unicode MS\";'>Port,il primo forum annuale sullo sviluppo dei porti turistici nel Mediterraneo,oggial Museo Archeologico di Olbia. <\/span><\/p>\n<p><span style='mso-fareast-font-family: \"Arial Unicode MS\";'>Laprima giornata del convegno, organizzato da Promo P.A. Fondazione con ilsostegno della Provincia di Olbia Tempio, della Citt\u00e0 di Olbia, della Camera diCommercio Nord di Sardegna, con il contributo di Enel Green Power e con ilpatrocinio del Ministero dell'ambiente e della tutela del territorio e del maree del Ministero delle infrastrutture e Trasporti, \u00e9 iniziata con una sessionededicata allo scenario di riferimento, durante la quale si \u00e9 delineato ilquadro generale della situazione della nautica da diporto e le criticit\u00e0 cheattualmente la contraddistinguono. <\/span><\/p>\n<p><span style='mso-fareast-font-family: \"Arial Unicode MS\";'>Presentiil Sindaco di Olbia Gianni Giovannelli, l'Assessore regionale al Turismo LuigiCrisponi, il Presidente della Camera di Commercio Gavino Sini, il presidentedell'Autorit\u00e0 Portuale del Nord Sardegna Paolo Piro, al presidente di PromoP.A. Fondazione Gaetano Scognamiglio, Tra il folto pubblico anche esperti deivari settori<span style=\"mso-spacerun: yes;\">&nbsp; <\/span>come il presidente ANCESardegna Maurizio De Pascale, il presidente Federagenti Yachting, Fulvio Luise,oltre a Mauro Cutrufo, presidente dell'associazione parlamentare \u201cAmici delmare e della nautica\u201d e a Massimo Deiana, preside di giurisprudenzadell'Universit\u00e0 di Cagliari, ordinario di Diritto della Navigazione.<\/span><\/p>\n<p>\u201cLa Sardegna in questo settore ha prospettive enormi dicrescita grazie all\u2019estensione delle sue coste ed alla presenza di ben 78strutture portuali dedicate al diportismo, con un\u2019 offerta potenziale di 19.415posti barca. Occupa il secondo posto in termini di infrastrutture portuali peril turismo nautico (preceduta solo dalla Sicilia), e il secondo posto(preceduta, in questo caso, dalla Liguria) in termini di posti barcadisponibili - <span style=\"mso-spacerun: yes;\">&nbsp;<\/span>ha spiegato il Presidente Sanciu- la Provincia Olbia Tempio gode di una posizione di preminenza: prima inSardegna con ben 6.567 posti barca e 60 tra porti, approdi, campi boe,attracchi ed altro, in grado di ospitare unit\u00e0 da diporto. In Gallura esistonoimportanti cantieri nautici, ma anche<span style=\"mso-spacerun: yes;\">&nbsp;<\/span>riserve marine protette, un parco nazionale, siamo vicino alla Corsica,luoghi incantevoli dalle grandi capacit\u00e0 attrattive\u201d.<\/p>\n<p>\u201cDobbiamo fare sistema \u2013 conclude il Presidente Sanciu \u2013 perquesto prevediamo di creare un polo dedicato alla formazione dove recuperaremestieri vecchi e nuovi per il quale sono pronti<span style=\"mso-spacerun: yes;\">&nbsp; <\/span>15 milioni di investimento. Inoltre i porti devonodiventare dei front office, le porte dei nostri territori dove vendere i nostriprodotti, da dove partire per accompagnare il turista in visita. Il Mar Mediterraneo\u00e8 la destinazione turistica preferita dei diportisti internazionali e secondo iprincipali rapporti internazionali vi stazionano circa il 75% della flottamondiale di maxiyacht . Noi vogliamo intercettarli, questa \u00e8 la nostra sfidaper il futuro\u201d.<\/p>\n<p>\u201cDobbiamo fare sintesi, creare sinergia, darci linee disviluppo e prospettiva \u2013 ha aggiunto il sindaco di Olbia Gianni Giovannelli-<span style=\"mso-spacerun: yes;\">&nbsp; <\/span>siamo pronti ad accettare isuggerimenti di tutti, Olbia sta puntando molto sul comparto della nautica\u201d.<\/p>\n<p>\u201cA livello nazionale sono stati persi importanti flussivantaggio dei nostri competitor<span style=\"mso-spacerun: yes;\">&nbsp; <\/span>comeSpagna, Grecia , Croazia,<span style=\"mso-spacerun: yes;\">&nbsp; <\/span>Francia.Dobbiamo quindi cambiare, dare una svolta \u2013 ha detto l\u2019Assessore regionale alTurismo Luigi Crisponi<span style=\"mso-spacerun: yes;\">&nbsp; <\/span>- Qui in Gallurasi registrano 19 mila persone occupate nel comparto turistico<span style=\"mso-spacerun: yes;\">&nbsp; <\/span>, uno dei pilastri economici del territorio edi tutta la Sardegna. Dobbiamo intendere la portualit\u00e0 come porta di accesso,con funzioni di accoglienza, come front office, con info point, con una seriedi attivit\u00e0 di supporto al rimessaggio. La sfida va affrontata<span style=\"mso-spacerun: yes;\">&nbsp; <\/span>senza arretrare di un millimetro, stiamoattenti per\u00f2, in momenti come questo, a parlare di tasse di soggiorno perch\u00e9 avolte i destini di una stagione turistica e di un luogo si decidono con un euroin pi\u00f9 o in meno\u201d. <\/p>\n<p><b style=\"mso-bidi-font-weight: normal;\">&nbsp;<\/b><\/p>\n","protected":false},"excerpt":{"rendered":"<p>\u201cLa Gallura vuole diventare nel Mediterraneo, polo di attrazionee sviluppo del diportismo nautico\u201d, lo ha detto chiaramente,&nbsp; il Presidente della Provincia Olbia Tempio FedeleSanciu in&#8230;<\/p>\n","protected":false},"author":2,"featured_media":0,"comment_status":"closed","ping_status":"closed","sticky":false,"template":"","format":"standard","meta":[],"categories":[49],"tags":[],"_links":{"self":[{"href":"https:\/\/www.cronacaonline.it\/index.php\/wp-json\/wp\/v2\/posts\/87745"}],"collection":[{"href":"https:\/\/www.cronacaonline.it\/index.php\/wp-json\/wp\/v2\/posts"}],"about":[{"href":"https:\/\/www.cronacaonline.it\/index.php\/wp-json\/wp\/v2\/types\/post"}],"author":[{"embeddable":true,"href":"https:\/\/www.cronacaonline.it\/index.php\/wp-json\/wp\/v2\/users\/2"}],"replies":[{"embeddable":true,"href":"https:\/\/www.cronacaonline.it\/index.php\/wp-json\/wp\/v2\/comments?post=87745"}],"version-history":[{"count":0,"href":"https:\/\/www.cronacaonline.it\/index.php\/wp-json\/wp\/v2\/posts\/87745\/revisions"}],"wp:attachment":[{"href":"https:\/\/www.cronacaonline.it\/index.php\/wp-json\/wp\/v2\/media?parent=87745"}],"wp:term":[{"taxonomy":"category","embeddable":true,"href":"https:\/\/www.cronacaonline.it\/index.php\/wp-json\/wp\/v2\/categories?post=87745"},{"taxonomy":"post_tag","embeddable":true,"href":"https:\/\/www.cronacaonline.it\/index.php\/wp-json\/wp\/v2\/tags?post=87745"}],"curies":[{"name":"wp","href":"https:\/\/api.w.org\/{rel}","templated":true}]}}