{"id":87710,"date":"2012-03-26T15:14:00","date_gmt":"2012-03-26T14:14:00","guid":{"rendered":"http:\/\/www.cronacaonline.it\/public\/content\/index.php\/26\/03\/2012\/lospedale-santissima-annunziata-di-sassari-festeggia-la-sua-patrona-il-19-aprile-sara-benedetta-la-cappella-di-piazza-fiume"},"modified":"2012-03-26T15:14:00","modified_gmt":"2012-03-26T14:14:00","slug":"lospedale-santissima-annunziata-di-sassari-festeggia-la-sua-patrona-il-19-aprile-sara-benedetta-la-cappella-di-piazza-fiume","status":"publish","type":"post","link":"https:\/\/www.cronacaonline.it\/index.php\/2012\/03\/26\/lospedale-santissima-annunziata-di-sassari-festeggia-la-sua-patrona-il-19-aprile-sara-benedetta-la-cappella-di-piazza-fiume\/","title":{"rendered":"L\u2019ospedale \u201cSantissima Annunziata\u201d di Sassari festeggia la sua patrona: il 19 aprile sar\u00e0 benedetta la cappella di Piazza Fiume."},"content":{"rendered":"<p>\u00abLa ragione del s\u00ec della Beata Vergine Maria significa cheDio non si sostituisce mai a noi e che noi non possiamo fare tutto senza Dio.Allora, con riferimento alla vita civile, credo che in una strutturaospedaliera come questa, finalizzata a sanare dalle malattie, che deveconsentire la riabilitazione del paziente, il s\u00ec d Maria diventi paradigmaticoper gli operatori che devono lavorare per la salute dei pazienti, perch\u00e9 si \u00e8qui proprio per questo\u00bb.<\/p>\n<p>Sono le parole di padre Paolo Atzei, arcivescovo di Sassari,che questa mattina ha officiato la santa messa per la celebrazione dellafestivit\u00e0 dell\u2019ospedale civile \u201cSantissima Annunziata\u201d di Sassari.<\/p>\n<p>La messa \u00e8 stata animata dalla partecipazione del coro\u201cAmici del canto sardo\u201d, diretto dal maestro Tore Bulla.<\/p>\n<p>Un appuntamento fisso per l\u2019intera citt\u00e0, quello al qualepartecipata l\u2019arcivescovo sassarese, che come ogni anno vede la partecipazionedi numerosi fedeli, tanti operatori della sanit\u00e0 e soprattutto degenti dellastruttura di viale Italia. <\/p>\n<p>Questa mattina, infatti, i volontari dell\u2019Avo, presenti trai banchi della cappella al settimo piano dell\u2019ospedale sassarese, hannoaccompagnato ad assistere alla santa messa alcuni dei pazienti allettati chenon hanno voluto mancare all\u2019incontro.<\/p>\n<p>\u00abIl \u201cfiat\u201d allora vuole anche significare la necessit\u00e0 diavere chiarezza di obiettivi \u2013 ha ripreso padre Paolo Atzei \u2013 una strutturaorientata a dare servizi alla persona, senza dimenticare che siamo creaturefragili, bisognose di essere sanate e amate. Sono convinto che questa aziendasia dentro questo grande progetto\u00bb.<\/p>\n<p>\u00abAuspico risposte per la sanit\u00e0 di Sassari \u2013 ha detto ancoral\u2019alto prelato \u2013 e una convergenza tra le due aziende cittadine, la Asl e l\u2019Aou\u00bb,perch\u00e9 il loro operato non debba andare nella direzione di una sfida reciprocama verso uno stesso fine.<\/p>\n<p>\u00abAuguro la piena realizzazione dei programmi \u2013 ha conclusol\u2019arcivescovo \u2013 e il trasferimento nei nuovi locali\u00bb.<\/p>\n<p>Nel sottolineare l\u2019importanza del nome dell\u2019ospedale diSassari, padre Paolo Atzei in chiusura ha ricordato come quello stesso nome erastato dato all\u2019ospedale di Piazza Fiume \u00abnel quale \u2013 ha anticipato \u2013 il 19aprile celebrer\u00f2 la santa messa per benedire la cappella\u00bb. La messa si svolger\u00e0alle ore 11.<\/p>\n<p>E\u2019 stato completato infatti il restauro della splendidacappella Ottocentesca, risalente al periodo dell\u2019Unit\u00e0 d\u2019Italia. Assieme allacappella, sono stati completati anche l\u2019ingresso, il salone dei benefattori. Sitratta di locali che, con gli ambienti dedicati al punto di ristoro, vengonoconsiderati comuni, accessibili agli enti che saranno sistemati nellastruttura, cio\u00e8 Asl di Sassari, Biblioteca universitaria e Archivio di Stato.La cappella \u00e8 probabile che venga aperta al culto e, in date e orariprestabiliti, anche alle visite.<\/p>\n<p>Breve cenno storico sulla cappella di Piazza Fiume - Fufatta eseguire, a proprie spese, dal sacerdote Salvatore Sassu, su disegno delsassarese Don Simone Manca. All\u2019interno della cappella \u00e8 possibile osservare unaltare dedicato alla Madonna della SS. Annunziata, in marmo bianco.Dallabalaustra si ergono sei colonne sormontate da figure angeliche;&nbsp; al centrodel paliotto una bella croce raggiata.&nbsp;Nello&nbsp;sfondo dell'altarerisalta l'Arcangelo Gabriele;&nbsp; nelle quattro nicchie delle pareti, dasinistra a destra, le statue di San Giovanni di Dio, l'Immacolata Concezione,San Giuseppe con il Bambino e San Vincenzo de' Paoli. Sulla volta tre affreschirappresentanti: la Visitazione, la Crocifissione, la Resurrezione. <\/p>\n","protected":false},"excerpt":{"rendered":"<p>\u00abLa ragione del s\u00ec della Beata Vergine Maria significa cheDio non si sostituisce mai a noi e che noi non possiamo fare tutto senza Dio.Allora,&#8230;<\/p>\n","protected":false},"author":2,"featured_media":0,"comment_status":"closed","ping_status":"closed","sticky":false,"template":"","format":"standard","meta":[],"categories":[49],"tags":[],"_links":{"self":[{"href":"https:\/\/www.cronacaonline.it\/index.php\/wp-json\/wp\/v2\/posts\/87710"}],"collection":[{"href":"https:\/\/www.cronacaonline.it\/index.php\/wp-json\/wp\/v2\/posts"}],"about":[{"href":"https:\/\/www.cronacaonline.it\/index.php\/wp-json\/wp\/v2\/types\/post"}],"author":[{"embeddable":true,"href":"https:\/\/www.cronacaonline.it\/index.php\/wp-json\/wp\/v2\/users\/2"}],"replies":[{"embeddable":true,"href":"https:\/\/www.cronacaonline.it\/index.php\/wp-json\/wp\/v2\/comments?post=87710"}],"version-history":[{"count":0,"href":"https:\/\/www.cronacaonline.it\/index.php\/wp-json\/wp\/v2\/posts\/87710\/revisions"}],"wp:attachment":[{"href":"https:\/\/www.cronacaonline.it\/index.php\/wp-json\/wp\/v2\/media?parent=87710"}],"wp:term":[{"taxonomy":"category","embeddable":true,"href":"https:\/\/www.cronacaonline.it\/index.php\/wp-json\/wp\/v2\/categories?post=87710"},{"taxonomy":"post_tag","embeddable":true,"href":"https:\/\/www.cronacaonline.it\/index.php\/wp-json\/wp\/v2\/tags?post=87710"}],"curies":[{"name":"wp","href":"https:\/\/api.w.org\/{rel}","templated":true}]}}