{"id":87704,"date":"2012-03-06T15:14:00","date_gmt":"2012-03-06T14:14:00","guid":{"rendered":"http:\/\/www.cronacaonline.it\/public\/content\/index.php\/06\/03\/2012\/de-misturaabbiamo-ottenuto-rispetto-vogliamo-la-verita"},"modified":"2012-03-06T15:14:00","modified_gmt":"2012-03-06T14:14:00","slug":"de-misturaabbiamo-ottenuto-rispetto-vogliamo-la-verita","status":"publish","type":"post","link":"https:\/\/www.cronacaonline.it\/index.php\/2012\/03\/06\/de-misturaabbiamo-ottenuto-rispetto-vogliamo-la-verita\/","title":{"rendered":"De Mistura:Abbiamo ottenuto rispetto, vogliamo la verit\u00e0&#8221;"},"content":{"rendered":"<p><SPAN style=\"LINE-HEIGHT: 115%; FONT-FAMILY: 'Verdana','sans-serif'; COLOR: black; FONT-SIZE: 12pt; mso-bidi-font-family: Arial\">\"I soldati stanno bene, li ho visti fino alle 3 di notte, ieri, quando abbiamo ottenuto che portino la loro divisa in ogni momento e che siano separati da tutti i detenuti comuni, in una struttura interna che abbiamo verificato di persona, e trattati con dignit\u00e0 e rispetto\". Staffan De Mistura fa il punto ai microfoni di Rainews sulla vicenda dei due militari detenuti in India con l'accusa di omicidio dei due pescatori indiani.<\/SPAN><\/p>\n<p><SPAN style=\"LINE-HEIGHT: 115%; FONT-FAMILY: 'Verdana','sans-serif'; COLOR: black; FONT-SIZE: 12pt; mso-bidi-font-family: Arial\">\"Tre i punti fondamentali - dice De Mistura - Primo,&nbsp;in nessun paese al mondo, in nessun caso dei militari in servizio&nbsp;vengono giudicati nel Paese non di origine.&nbsp;<\/SPAN><\/p>\n<p><SPAN style=\"LINE-HEIGHT: 115%; FONT-FAMILY: 'Verdana','sans-serif'; COLOR: black; FONT-SIZE: 12pt; mso-bidi-font-family: Arial\">Secondo, la giurisdizione: erano in acque internazionali, non indiane: \u00e8 riconosciuto da tutti. Stiamo lavorando perch\u00e9 venga riconosciuto anche dall'India.<\/SPAN><\/p>\n<p><SPAN style=\"LINE-HEIGHT: 115%; FONT-FAMILY: 'Verdana','sans-serif'; COLOR: black; FONT-SIZE: 12pt; mso-bidi-font-family: Arial\">Terzo, la prova balistica. Siamo alla ricerca della verit\u00e0, quella \u00e8 fondamentale\".<\/SPAN><\/p>\n<p><SPAN style=\"LINE-HEIGHT: 115%; FONT-FAMILY: 'Verdana','sans-serif'; COLOR: black; FONT-SIZE: 12pt; mso-bidi-font-family: Arial\">\"Sono qui dal 22 febbraio ' a cose fatte'; siamo impegnati come Governo &nbsp;- risponde De Mistura al direttore Corradino Mineo - e anche il Presidente della Repubblica&nbsp;segue da vicino la vicenda - ...detto questo: l'altro giorno una barca di pescatori qui \u00e8 stata affondata di notte da un grosso naviglio che ha spento le luci ed \u00e8 scomparso. Sono morti tre pescatori, due sono dispersi. E dunque, comunque vadano le cose, la decisione italiana pu\u00f2 essere letta dalle autorit\u00e0 indiane come atto di buona fede: erano convinti di non aver fatto&nbsp;qualcosa&nbsp;di grave.&nbsp;Detto questo, un giorno dovremo scoprire perch\u00e9 si sono&nbsp; diretti verso le coste indiane e sono scesi a terra\".<\/SPAN><\/p>\n<p><SPAN style=\"LINE-HEIGHT: 115%; FONT-FAMILY: 'Verdana','sans-serif'; COLOR: black; FONT-SIZE: 12pt; mso-bidi-font-family: Arial\">L'eco del trasferimento in carcere di Massimiliano Latorre e Salvatore Girone rimbalza oltreoceano e, fuori programma,&nbsp;\u00e8 il Presidente della Camera Gianfranco Fini, nel suo secondo giorno di visita a Washington, a portare la questione all'attenzione di due interlocutori americani di primo piano come il segretario di Stato alla Sicurezza Nazionale Janet Napolitano e l'ex Speaker del Congresso, sua amica personale, Nancy Pelosi.<\/SPAN><\/p>\n<p><SPAN style=\"LINE-HEIGHT: 115%; FONT-FAMILY: 'Verdana','sans-serif'; COLOR: black; FONT-SIZE: 12pt; mso-bidi-font-family: Arial\">Il Segretario Usa alla Sicurezza Nazionale, ha riferito Fini \"ha convenuto sul fatto che episodi come quelli che hanno coinvolto i nostri militari rischiano di rendere meno incisiva la cooperazione internazionale in materia di lotta alla pirateria per via dell'atteggiamento delle autorit\u00e0 indiane\".<\/SPAN><\/p>\n","protected":false},"excerpt":{"rendered":"<p>&#8220;I soldati stanno bene, li ho visti fino alle 3 di notte, ieri, quando abbiamo ottenuto che portino la loro divisa in ogni momento e&#8230;<\/p>\n","protected":false},"author":2,"featured_media":0,"comment_status":"closed","ping_status":"closed","sticky":false,"template":"","format":"standard","meta":[],"categories":[49],"tags":[],"_links":{"self":[{"href":"https:\/\/www.cronacaonline.it\/index.php\/wp-json\/wp\/v2\/posts\/87704"}],"collection":[{"href":"https:\/\/www.cronacaonline.it\/index.php\/wp-json\/wp\/v2\/posts"}],"about":[{"href":"https:\/\/www.cronacaonline.it\/index.php\/wp-json\/wp\/v2\/types\/post"}],"author":[{"embeddable":true,"href":"https:\/\/www.cronacaonline.it\/index.php\/wp-json\/wp\/v2\/users\/2"}],"replies":[{"embeddable":true,"href":"https:\/\/www.cronacaonline.it\/index.php\/wp-json\/wp\/v2\/comments?post=87704"}],"version-history":[{"count":0,"href":"https:\/\/www.cronacaonline.it\/index.php\/wp-json\/wp\/v2\/posts\/87704\/revisions"}],"wp:attachment":[{"href":"https:\/\/www.cronacaonline.it\/index.php\/wp-json\/wp\/v2\/media?parent=87704"}],"wp:term":[{"taxonomy":"category","embeddable":true,"href":"https:\/\/www.cronacaonline.it\/index.php\/wp-json\/wp\/v2\/categories?post=87704"},{"taxonomy":"post_tag","embeddable":true,"href":"https:\/\/www.cronacaonline.it\/index.php\/wp-json\/wp\/v2\/tags?post=87704"}],"curies":[{"name":"wp","href":"https:\/\/api.w.org\/{rel}","templated":true}]}}