{"id":87677,"date":"2012-03-26T15:14:00","date_gmt":"2012-03-26T14:14:00","guid":{"rendered":"http:\/\/www.cronacaonline.it\/public\/content\/index.php\/26\/03\/2012\/grande-folla-nelle-piazze-per-prendas-de-ittiri-2012"},"modified":"2012-03-26T15:14:00","modified_gmt":"2012-03-26T14:14:00","slug":"grande-folla-nelle-piazze-per-prendas-de-ittiri-2012","status":"publish","type":"post","link":"https:\/\/www.cronacaonline.it\/index.php\/2012\/03\/26\/grande-folla-nelle-piazze-per-prendas-de-ittiri-2012\/","title":{"rendered":"Grande folla nelle piazze per \u201cPrendas de Ittiri 2012\u201d"},"content":{"rendered":"<p>Piazze stracolme per la seconda e conclusiva giornata di Prendas de Ittiri 2012. La cinquantina di stand allestiti nelle piazze XXV Luglio, Marconi e Umberto hanno registrato ieri e oggi la presenza di persone provenienti non solo dal territorio, ma anche da Olbia e dintorni, a dimostrazione di quanto sia stata felice l'idea di presentare nella casa Comunale di Olbia la 7^ edizione della vetrina di promozione dell\u2019Agroalimentare e dell\u2019Artigianato tipico di Ittiri, organizzata dal Comune e dalla Pro Loco.<\/p>\n<p>Presenti pure una trentina di turisti francesi e altrettanti arrivati dalla Corsica al seguito dei responsabili dello stand&nbsp; di Retraparc, la neonata rete transfrontaliera di Parchi,&nbsp; di cui la Provincia di Sassari \u00e8 promotrice e capofila, che riunisce i Parchi della Sardegna del Nord (Asinara, Arcipelado de La Maddalena e Porto Conte) e appunto della vicina isola francese.<\/p>\n<p>Tra i pi\u00f9 affollati gli stand del pane (che veniva preparato e sfornato sul momento), dei carciofi e dell'olio ittirese, che pu\u00f2 vantare alcuni riconoscimenti nazionali a premi del calibro di \u201cErcole Olivario\u201d. Affascinanti gli stand dedicati alle lavorazioni in legno, ferro e trachite.<br \/>Soprattutto grande soddisfazione da parte dei produttori che hanno riscontrato attenzione e curiosit\u00e0 da parte dei visitatori. \"Non si tratta solo di vendere i nostri prodotti nei due giorni della manifestazione, ma di spiegare il lavoro che c'\u00e8 dietro per arrivare a questa qualit\u00e0. Saper dare spiegazioni \u00e8 fare promozione e pensare anche al domani\" hanno dichiarato alcuni espositori-produttori.<\/p>\n<p>Le Prendas\u201d del territorio, le \u201cperle\u201d presentate riguardavano: carciofi, olio, dolci, miele, formaggi, vino, salumi, pane, pasta fresca, gioielleria, bigiotteria, lavorazioni in cuoio, ferro, legno e trachite, e ancora sartoria, creazioni artistiche, caffetteria, erboristeria, coltelleria, fiori e piante. E' stato possibile anche effettuare visite guidate nei luoghi della cultura del centro ittirese e in alcune abitazioni dove sono state allestite esposizioni di artigianato locale. Com<\/p>\n","protected":false},"excerpt":{"rendered":"<p>Piazze stracolme per la seconda e conclusiva giornata di Prendas de Ittiri 2012. La cinquantina di stand allestiti nelle piazze XXV Luglio, Marconi e Umberto&#8230;<\/p>\n","protected":false},"author":2,"featured_media":0,"comment_status":"closed","ping_status":"closed","sticky":false,"template":"","format":"standard","meta":[],"categories":[49],"tags":[],"_links":{"self":[{"href":"https:\/\/www.cronacaonline.it\/index.php\/wp-json\/wp\/v2\/posts\/87677"}],"collection":[{"href":"https:\/\/www.cronacaonline.it\/index.php\/wp-json\/wp\/v2\/posts"}],"about":[{"href":"https:\/\/www.cronacaonline.it\/index.php\/wp-json\/wp\/v2\/types\/post"}],"author":[{"embeddable":true,"href":"https:\/\/www.cronacaonline.it\/index.php\/wp-json\/wp\/v2\/users\/2"}],"replies":[{"embeddable":true,"href":"https:\/\/www.cronacaonline.it\/index.php\/wp-json\/wp\/v2\/comments?post=87677"}],"version-history":[{"count":0,"href":"https:\/\/www.cronacaonline.it\/index.php\/wp-json\/wp\/v2\/posts\/87677\/revisions"}],"wp:attachment":[{"href":"https:\/\/www.cronacaonline.it\/index.php\/wp-json\/wp\/v2\/media?parent=87677"}],"wp:term":[{"taxonomy":"category","embeddable":true,"href":"https:\/\/www.cronacaonline.it\/index.php\/wp-json\/wp\/v2\/categories?post=87677"},{"taxonomy":"post_tag","embeddable":true,"href":"https:\/\/www.cronacaonline.it\/index.php\/wp-json\/wp\/v2\/tags?post=87677"}],"curies":[{"name":"wp","href":"https:\/\/api.w.org\/{rel}","templated":true}]}}