{"id":87669,"date":"2012-03-26T15:14:00","date_gmt":"2012-03-26T14:14:00","guid":{"rendered":"http:\/\/www.cronacaonline.it\/public\/content\/index.php\/26\/03\/2012\/il-premier-da-seul-gli-italiani-hanno-capito-ed-io-ed-il-mio-governo-non-vogliamo-tirare-a-campare"},"modified":"2012-03-26T15:14:00","modified_gmt":"2012-03-26T14:14:00","slug":"il-premier-da-seul-gli-italiani-hanno-capito-ed-io-ed-il-mio-governo-non-vogliamo-tirare-a-campare","status":"publish","type":"post","link":"https:\/\/www.cronacaonline.it\/index.php\/2012\/03\/26\/il-premier-da-seul-gli-italiani-hanno-capito-ed-io-ed-il-mio-governo-non-vogliamo-tirare-a-campare\/","title":{"rendered":"Il premier da Seul: gli Italiani hanno capito ed io ed il mio governo non vogliamo tirare a campare"},"content":{"rendered":"<p>\"A&nbsp;noi \u00e8 stato chiesto di fare un'azionenell'interesse generale.&nbsp;Un illustrissimo uomo politico diceva: 'megliotirare a campare&nbsp;che tirare le cuoia'. Per noi nessuna delle dueespressioni&nbsp;vale perch\u00e9 l'obiettivo \u00e8 molto pi\u00f9 ambizioso della durata ed \u00e8fare un buon lavoro\". Citazione politica per il premier del governotecnico, Mario Monti, in corea del Sud per il vertice sulla sicurezza nucleare.<\/p>\n<p>Dopo le bilaterali con i primi ministri&nbsp;di Singapore eCanada, Monti spiega di essersi \"reso conto di quanto seguano da vicinogli sviluppi&nbsp;della situazione italiana e di quanto la vedano da vicino,non&nbsp;solo per le parole di apprezzamento avute ma anche perqualche&nbsp;apprensione, non tanto a breve termine quanto - puntualizza - perci\u00f2 che potrebbe accadere dopo le elezioni del 2013, su&nbsp;cui sono moltoincerti, loro\".<\/p>\n<p>Viene fuori da questi colloqui \"il palpabile desideriodi&nbsp;capire se, come e quanto intensificare gli investimentiin&nbsp;Italia\". E poi anche il Professore cita un termine schizzatoin&nbsp;testa al vocabolario della politica in questi giorni: quello&nbsp;del'quid', anche se in accezione diversa da quella usata da&nbsp;Berlusconi conAlfano. Si, perch\u00e9 Monti osserva che \"poi&nbsp;viene sempre la domanda sul'quid' dopo il 2013. Io dico sempre che sono convinto, come molti, che la faseparticolare che sta&nbsp;vivendo la politica in Italia si sta rivelando unacartina di&nbsp;tornasole che mostra ai partiti stessi una crescentematurit\u00e0&nbsp;dell'opinione pubblica e una disponibilit\u00e0 da partedei&nbsp;cittadini a sopportare senza eccessive reazioni sacrificianche&nbsp;pesanti perch\u00e9 ne hanno compreso pi\u00f9 che in passato la&nbsp;necessit\u00e0\".<\/p>\n<p>Un patrimonio da difendere, dice Monti, perch\u00e9 \"sonoconvinto che&nbsp;quando torner\u00e0 la politica tradizionale non sar\u00e0 pi\u00f9quella&nbsp;tradizionale perch\u00e9 avr\u00e0 fatto tesoro di quanto questotest&nbsp;sta rivelando sulle percezioni e gli stati d'animodegli&nbsp;italiani, diventati pi\u00f9 esigenti verso chi governa e&nbsp;responsabilmentecomprensivi di non dover essere solo destinatari di promesse generiche sulfuturo ma anche di&nbsp;sacrifici se nel loro stesso interesse a lungotermine\".<\/p>\n","protected":false},"excerpt":{"rendered":"<p>&#8220;A&nbsp;noi \u00e8 stato chiesto di fare un&#8217;azionenell&#8217;interesse generale.&nbsp;Un illustrissimo uomo politico diceva: &#8216;megliotirare a campare&nbsp;che tirare le cuoia&#8217;. Per noi nessuna delle dueespressioni&nbsp;vale perch\u00e9 l&#8217;obiettivo&#8230;<\/p>\n","protected":false},"author":2,"featured_media":0,"comment_status":"closed","ping_status":"closed","sticky":false,"template":"","format":"standard","meta":[],"categories":[49],"tags":[],"_links":{"self":[{"href":"https:\/\/www.cronacaonline.it\/index.php\/wp-json\/wp\/v2\/posts\/87669"}],"collection":[{"href":"https:\/\/www.cronacaonline.it\/index.php\/wp-json\/wp\/v2\/posts"}],"about":[{"href":"https:\/\/www.cronacaonline.it\/index.php\/wp-json\/wp\/v2\/types\/post"}],"author":[{"embeddable":true,"href":"https:\/\/www.cronacaonline.it\/index.php\/wp-json\/wp\/v2\/users\/2"}],"replies":[{"embeddable":true,"href":"https:\/\/www.cronacaonline.it\/index.php\/wp-json\/wp\/v2\/comments?post=87669"}],"version-history":[{"count":0,"href":"https:\/\/www.cronacaonline.it\/index.php\/wp-json\/wp\/v2\/posts\/87669\/revisions"}],"wp:attachment":[{"href":"https:\/\/www.cronacaonline.it\/index.php\/wp-json\/wp\/v2\/media?parent=87669"}],"wp:term":[{"taxonomy":"category","embeddable":true,"href":"https:\/\/www.cronacaonline.it\/index.php\/wp-json\/wp\/v2\/categories?post=87669"},{"taxonomy":"post_tag","embeddable":true,"href":"https:\/\/www.cronacaonline.it\/index.php\/wp-json\/wp\/v2\/tags?post=87669"}],"curies":[{"name":"wp","href":"https:\/\/api.w.org\/{rel}","templated":true}]}}