{"id":87664,"date":"2012-03-27T15:14:00","date_gmt":"2012-03-27T14:14:00","guid":{"rendered":"http:\/\/www.cronacaonline.it\/public\/content\/index.php\/27\/03\/2012\/sabato-31-marzo-ultimo-giorno-utile-per-la-presentazione-delle-domande-di-disoccupazione-agricola-e-di-disoccupazione-ordinaria-con-requisiti-ridotti"},"modified":"2012-03-27T15:14:00","modified_gmt":"2012-03-27T14:14:00","slug":"sabato-31-marzo-ultimo-giorno-utile-per-la-presentazione-delle-domande-di-disoccupazione-agricola-e-di-disoccupazione-ordinaria-con-requisiti-ridotti","status":"publish","type":"post","link":"https:\/\/www.cronacaonline.it\/index.php\/2012\/03\/27\/sabato-31-marzo-ultimo-giorno-utile-per-la-presentazione-delle-domande-di-disoccupazione-agricola-e-di-disoccupazione-ordinaria-con-requisiti-ridotti\/","title":{"rendered":"Sabato 31 marzo ultimo giorno utile per la presentazione delle domande di disoccupazione agricola e di disoccupazione ordinaria con requisiti ridotti"},"content":{"rendered":"<p>Il termine di presentazione delle domande di indennit\u00e0 didisoccupazione agricola e di disoccupazione ordinaria non agricola conrequisiti ridotti \u00e8 perentoriamente fissato alla data del 31 marzo, a meno chetale data non cada di domenica o in un giorno festivo.<\/p>\n<p>Poich\u00e9 quest\u2019anno il 31 marzo cade di sabato, giornoconsiderato non festivo, tale data \u00e8 utile per la presentazione delle domande.<\/p>\n<p>Infatti, nonostante la chiusura delle strutture territorialiInps nella giornata del sabato, in considerazione dell\u2019avvenutatelematizzazione delle domande in questione, della residualit\u00e0 delle domandepresentate presso gli sportelli Inps e della possibilit\u00e0 di presentazione dellestesse tramite pi\u00f9 canali (servizi online per il cittadino, enti di Patronato,Contact Center 803164, nonch\u00e9 per posta o per fax), non saranno ritenute validele domande di indennit\u00e0 di disoccupazione agricola e non agricola con requisitiridotti presentate in data successiva al 31 marzo 2012.<span style=\"mso-spacerun: yes;\">&nbsp; <\/span>Com<\/p>\n","protected":false},"excerpt":{"rendered":"<p>Il termine di presentazione delle domande di indennit\u00e0 didisoccupazione agricola e di disoccupazione ordinaria non agricola conrequisiti ridotti \u00e8 perentoriamente fissato alla data del 31&#8230;<\/p>\n","protected":false},"author":2,"featured_media":0,"comment_status":"closed","ping_status":"closed","sticky":false,"template":"","format":"standard","meta":[],"categories":[49],"tags":[],"_links":{"self":[{"href":"https:\/\/www.cronacaonline.it\/index.php\/wp-json\/wp\/v2\/posts\/87664"}],"collection":[{"href":"https:\/\/www.cronacaonline.it\/index.php\/wp-json\/wp\/v2\/posts"}],"about":[{"href":"https:\/\/www.cronacaonline.it\/index.php\/wp-json\/wp\/v2\/types\/post"}],"author":[{"embeddable":true,"href":"https:\/\/www.cronacaonline.it\/index.php\/wp-json\/wp\/v2\/users\/2"}],"replies":[{"embeddable":true,"href":"https:\/\/www.cronacaonline.it\/index.php\/wp-json\/wp\/v2\/comments?post=87664"}],"version-history":[{"count":0,"href":"https:\/\/www.cronacaonline.it\/index.php\/wp-json\/wp\/v2\/posts\/87664\/revisions"}],"wp:attachment":[{"href":"https:\/\/www.cronacaonline.it\/index.php\/wp-json\/wp\/v2\/media?parent=87664"}],"wp:term":[{"taxonomy":"category","embeddable":true,"href":"https:\/\/www.cronacaonline.it\/index.php\/wp-json\/wp\/v2\/categories?post=87664"},{"taxonomy":"post_tag","embeddable":true,"href":"https:\/\/www.cronacaonline.it\/index.php\/wp-json\/wp\/v2\/tags?post=87664"}],"curies":[{"name":"wp","href":"https:\/\/api.w.org\/{rel}","templated":true}]}}