{"id":87650,"date":"2012-03-09T15:14:00","date_gmt":"2012-03-09T14:14:00","guid":{"rendered":"http:\/\/www.cronacaonline.it\/public\/content\/index.php\/09\/03\/2012\/massenet-stravinskij-puccini-mozart-verdi-strauss-268ajkovskij-ecco-la-stagione-lirica-e-di-balletto-2012-del-teatro-lirico-di-cagliari"},"modified":"2012-03-09T15:14:00","modified_gmt":"2012-03-09T14:14:00","slug":"massenet-stravinskij-puccini-mozart-verdi-strauss-268ajkovskij-ecco-la-stagione-lirica-e-di-balletto-2012-del-teatro-lirico-di-cagliari","status":"publish","type":"post","link":"https:\/\/www.cronacaonline.it\/index.php\/2012\/03\/09\/massenet-stravinskij-puccini-mozart-verdi-strauss-268ajkovskij-ecco-la-stagione-lirica-e-di-balletto-2012-del-teatro-lirico-di-cagliari\/","title":{"rendered":"Massenet, Stravinskij, Puccini, Mozart, Verdi, Strauss, \u010cajkovskij: ecco la Stagione lirica e di balletto 2012 del Teatro Lirico di Cagliari"},"content":{"rendered":"<p><SPAN style=\"FONT-FAMILY: 'Verdana','sans-serif'\">Venerd\u00ec 20 aprile alle 20.30 si alza <st1:PersonName w:st=\"on\" ProductID=\"il sipario\">il sipario<\/st1:PersonName> sulla Stagione lirica e di balletto 2012 del Teatro Lirico di Cagliari. Una stagione sempre molto attesa dal pubblico che, anche per quest\u2019anno, segna la rinascita e la voglia di proseguire nella diffusione musicale del Teatro Lirico di Cagliari. Cinque opere liriche ed un balletto, una produzione in pi\u00f9 rispetto all\u2019anno scorso, tutti titoli di grande interesse che, certamente, troveranno il gradimento del pubblico, sia per quelli noti che per quelli ricercati: <I style=\"mso-bidi-font-style: normal\">Don Quichotte<\/I>, <I style=\"mso-bidi-font-style: normal\">Le Rossignol<\/I>-<I style=\"mso-bidi-font-style: normal\">Gianni Schicchi<\/I>, <I style=\"mso-bidi-font-style: normal\">Le nozze di Figaro<\/I>, <I style=\"mso-bidi-font-style: normal\">Nabucco<\/I>, <I style=\"mso-bidi-font-style: normal\">Salome<\/I>, <I style=\"mso-bidi-font-style: normal\">La Belle - La bella addormentata nel bosco<\/I>.<\/SPAN><\/p>\n<p><SPAN style=\"LINE-HEIGHT: 115%; FONT-FAMILY: 'Verdana','sans-serif'; mso-bidi-font-size: 12.0pt\">&nbsp;<\/SPAN><\/p>\n<p><SPAN style=\"FONT-FAMILY: 'Verdana','sans-serif'\">L\u2019inaugurazione \u00e8 affidata ad una preziosa rarit\u00e0 che viene eseguita per la prima volta in Sardegna: <I style=\"mso-bidi-font-style: normal\">Don Quichotte<\/I> di Jules Massenet (Montaud, Saint-\u00c9tienne, 1842 - Parigi 1912), in scena, per sei rappresentazioni, dal 20 al 28 aprile. La <I style=\"mso-bidi-font-style: normal\">com\u00e9die h\u00e9roique<\/I> in cinque atti del grande autore francese viene rappresentata, per la prima volta, al Th\u00e9\u00e2tre de l\u2019Op\u00e8ra di Montecarlo il 19 febbraio 1910 e si basa su un libretto di Henri Cain, ispirato ad una <I style=\"mso-bidi-font-style: normal\">pi\u00e8ce<\/I> di Jacques Le Lorrain che si rif\u00e0, molto liberamente, al celebre capolavoro di Miguel de Cervantes. Lo spettacolo inaugurale, uno stimolante allestimento del Teatro Lirico Giuseppe Verdi di Trieste che risale al 2006, \u00e8 affidato a Federico Tiezzi (<I style=\"mso-bidi-font-style: normal\">regia<\/I>), Pier Paolo Bisleri (<I style=\"mso-bidi-font-style: normal\">scene<\/I>), Giovanna Buzzi (<I style=\"mso-bidi-font-style: normal\">costumi<\/I>), Giovanni Pollini (<I style=\"mso-bidi-font-style: normal\">luci<\/I>), Virgilio Sieni<I style=\"mso-bidi-font-style: normal\"> <\/I>(<I style=\"mso-bidi-font-style: normal\">coreografia<\/I>) che sfruttano tutte le potenzialit\u00e0 drammaturgiche dell\u2019opera con pochi elementi scenici e colori assemblati con grande pulizia ed eleganza, oltre a movimenti essenziali, in un gioco di rimandi alla pittura spagnola, da Goya a Velazquez fino al primo Picasso che catturano ed emozionano. Esemplare la scena del celebre combattimento con i mulini a vento che ha un particolare fascino nel richiamarsi al cinema muto del primo Novecento. La direzione musicale \u00e8 affidata al giovane israeliano Daniel Cohen che ritorna a Cagliari, dopo essersi particolarmente distinto, lo scorso novembre, in un concerto dedicato a Claude Debussy. Nei ruoli principali: Anita Rachvelishvili (<I style=\"mso-bidi-font-style: normal\">Dulcin\u00e9e<\/I>), ventottenne mezzosoprano georgiano, diplomata all\u2019Accademia del Teatro alla Scala di Milano, teatro nel quale ha debuttato, con successo, in <I style=\"mso-bidi-font-style: normal\">Carmen<\/I> di Bizet, nel 2009; Orlin Anastassov, trentaseienne basso bulgaro, dall\u2019elegante ed autorevole presenza scenica che, nel giugno <st1:metricconverter w:st=\"on\" ProductID=\"2005, ha\">2005, ha<\/st1:metricconverter> vestito i panni di Jacopo Fiesco in <I style=\"mso-bidi-font-style: normal\">Simon Boccanegra<\/I> al Teatro Lirico di Cagliari<I style=\"mso-bidi-font-style: normal\"> <\/I>(<I style=\"mso-bidi-font-style: normal\">Don Quichotte<\/I>); Nicola Alaimo<I style=\"mso-bidi-font-style: normal\"> <\/I>(<I style=\"mso-bidi-font-style: normal\">Sancho<\/I>).<\/SPAN><\/p>\n<p><SPAN style=\"LINE-HEIGHT: 115%; FONT-FAMILY: 'Verdana','sans-serif'; mso-bidi-font-size: 12.0pt\">&nbsp;<\/SPAN><\/p>\n<p><SPAN style=\"FONT-FAMILY: 'Verdana','sans-serif'\">Il secondo appuntamento con l\u2019opera, in scena dal 25 maggio al 1\u00b0 giugno, \u00e8 un originale ed affascinante dittico lirico: <I style=\"mso-bidi-font-style: normal\">Le Rossignol<\/I> di Igor Stravinskij (Oranienbaum, oggi Lomonosov, 1882 - New York, 1971) e <I style=\"mso-bidi-font-style: normal\">Gianni Schicchi<\/I> di Giacomo Puccini (Lucca, 1858 - Bruxelles, 1924). I due piccoli gioielli musicali vengono proposti, per la parte visiva, in un nuovo allestimento del Teatro Lirico di Cagliari da una terna di artisti greci, affermati soprattutto nel teatro di prosa, che si presentano, per la prima volta, a Cagliari: Thomas Moschopoulos<I style=\"mso-bidi-font-style: normal\"> <\/I>(<I style=\"mso-bidi-font-style: normal\">regia<\/I>), Dionisys Fotopoulos (<I style=\"mso-bidi-font-style: normal\">scene e costumi<\/I>), Lefteris Pavlopoulos (<I style=\"mso-bidi-font-style: normal\">luci<\/I>), mentre la direzione musicale \u00e8 affidata, invece, all\u2019abruzzese Maurizio Colasanti, al suo debutto sul podio cagliaritano. Nel delizioso <I style=\"mso-bidi-font-style: normal\">Le Rossignol<\/I>, musicato da Stravinskij e la cui prima rappresentazione avviene all\u2019Op\u00e9ra di Parigi il 26 maggio 1914, cantano: Blagoj Nacoski<I style=\"mso-bidi-font-style: normal\"> <\/I>(<I style=\"mso-bidi-font-style: normal\">Il pescatore<\/I>), Valentina Farcas<I style=\"mso-bidi-font-style: normal\"> <\/I>(<I style=\"mso-bidi-font-style: normal\">L\u2019usignolo<\/I>), Giorgia Bertagni<I style=\"mso-bidi-font-style: normal\"> <\/I>(<I style=\"mso-bidi-font-style: normal\">La piccola cuoca<\/I>), Carmine Monaco (<I style=\"mso-bidi-font-style: normal\">L\u2019Imperatore<\/I>), Elena Zilio (<I style=\"mso-bidi-font-style: normal\">La Morte<\/I>). In tre brevissimi atti si narra la fiaba di Andersen dell\u2019usignolo dell\u2019imperatore della Cina che lo salva dalla morte con la bellezza del canto; una storia che non mancher\u00e0 di affascinare, per la prima volta, il pubblico cagliaritano. 30 anni sono passati, invece, dall\u2019ultima rappresentazione, all\u2019Auditorium del Conservatorio, di <I style=\"mso-bidi-font-style: normal\">Gianni Schicchi<\/I>, spassosissimo atto unico, ispirato al celebre episodio del canto XXX dell\u2019<I style=\"mso-bidi-font-style: normal\">Inferno<\/I> dantesco, rappresentato, per la prima volta, al Metropolitan di New York il 14 dicembre 1918, insieme a <I style=\"mso-bidi-font-style: normal\">Il tabarro<\/I> e <I style=\"mso-bidi-font-style: normal\">Suor Angelica<\/I>, con le quali forma l\u2019altrettanto celebre <I style=\"mso-bidi-font-style: normal\">Trittico<\/I> pucciniano. Cantano, nei ruoli principali: Alfonso Antoniozzi<I style=\"mso-bidi-font-style: normal\"> <\/I>(<I style=\"mso-bidi-font-style: normal\">Gianni Schicchi<\/I>), artista poliedrico che, l\u2019anno scorso, si \u00e8 presentato al pubblico cagliaritano nella doppia veste di regista (<I style=\"mso-bidi-font-style: normal\">La Traviata<\/I>) e baritono buffo (<I style=\"mso-bidi-font-style: normal\">Napoli milionaria!<\/I>), Valentina Farcas<I style=\"mso-bidi-font-style: normal\"> <\/I>(<I style=\"mso-bidi-font-style: normal\">Lauretta<\/I>), Elena Zilio<I style=\"mso-bidi-font-style: normal\"> <\/I>(<I style=\"mso-bidi-font-style: normal\">Zita<\/I>), Blagoj Nacoski<I style=\"mso-bidi-font-style: normal\"> <\/I>(<I style=\"mso-bidi-font-style: normal\">Rinuccio<\/I>).<\/SPAN><\/p>\n<p><SPAN style=\"LINE-HEIGHT: 115%; FONT-FAMILY: 'Verdana','sans-serif'; mso-bidi-font-size: 12.0pt\">&nbsp;<\/SPAN><\/p>\n<p><I style=\"mso-bidi-font-style: normal\"><SPAN style=\"FONT-FAMILY: 'Verdana','sans-serif'\">Le nozze di Figaro<\/SPAN><\/I><SPAN style=\"FONT-FAMILY: 'Verdana','sans-serif'\"> di Wolfgang Amadeus Mozart <\/SPAN><SPAN style=\"FONT-FAMILY: 'Verdana','sans-serif'; mso-ansi-language: DE\" lang=DE>(Salisburgo, 1756 - Vienna, 1791) illuminano, dal 22 giugno al 1\u00b0 luglio, l\u2019estate cagliaritana con l\u2019allestimento tradizionale e rispettoso del dettato mozartiano di Jonathan Miller, famoso regista inglese che debutta a Cagliari. La messinscena, ancora molto fresca e fluida, nonostante sia, ormai, del lontano 1992, proviene dal Teatro del Maggio Musicale Fiorentino e conserva una cifra stilistica molto piacevole, anche grazie alle scene spoglie e dai colori acquarellati di Peter J. Davison, ai costumi eleganti, ma senza eccessiva affettazione, di Sue Blane, alle suggestive luci di Jvan Morandi ed alle garbate coreografie di Susanna Quaranta. Il capolavoro mozartiano, con il meraviglioso libretto di <\/SPAN><SPAN style=\"FONT-FAMILY: 'Verdana','sans-serif'\">Lorenzo Da Ponte, tratto dalla commedia omonima di Beaumarchais, rappresentato, per la prima volta, al Burgtheater di Vienna il 1\u00b0 maggio 1786, manca dal palcoscenico cittadino dal 1990, e propone, nei ruoli principali: Ugo Guagliardo (<st1:PersonName w:st=\"on\" ProductID=\"Il conte\"><I style=\"mso-bidi-font-style: normal\">Il conte<\/I><\/st1:PersonName><I style=\"mso-bidi-font-style: normal\"> d\u2019Almaviva<\/I>), Esther Andaloro (<I style=\"mso-bidi-font-style: normal\">La contessa<\/I>), <st1:PersonName w:st=\"on\" ProductID=\"Maria Grazia Schiavo\">Maria Grazia Schiavo<\/st1:PersonName> (<I style=\"mso-bidi-font-style: normal\">Susanna<\/I>), Lorenzo Regazzo (<I style=\"mso-bidi-font-style: normal\">Figaro<\/I>), Marina De Liso (<I style=\"mso-bidi-font-style: normal\">Cherubino<\/I>), Giovanna Donadini (<I style=\"mso-bidi-font-style: normal\">Marcellina<\/I>). A Hubert Soudant spetta il compito di dirigere i complessi artistici stabili del Teatro Lirico in una delle perle del repertorio classico mozartiano, ambito in cui il rapporto tra le compagini cagliaritane e l\u2019esperto direttore olandese ha gi\u00e0 avuto modo di esprimersi assai brillantemente.<\/SPAN><\/p>\n<p><SPAN style=\"LINE-HEIGHT: 115%; FONT-FAMILY: 'Verdana','sans-serif'; mso-bidi-font-size: 12.0pt\">&nbsp;<\/SPAN><\/p>\n<p><SPAN style=\"FONT-FAMILY: 'Verdana','sans-serif'\">Dopo la pausa estiva, la Stagione lirica e di balletto riprende, dal 28 settembre al 7 ottobre, con un gradito ritorno <st1:PersonName w:st=\"on\" ProductID=\"per il\">per il<\/st1:PersonName> pubblico cagliaritano, a distanza di sei anni dall\u2019ultima rappresentazione<SPAN style=\"LETTER-SPACING: -0.2pt\">: <I style=\"mso-bidi-font-style: normal\">Nabucco<\/I>, <\/SPAN>amatissimo melodramma<SPAN style=\"LETTER-SPACING: -0.2pt\"> di Giuseppe Verdi <\/SPAN>(Roncole di Busseto, Parma, 1813 - Milano, 1901) e grande affresco corale, emblema del patriottismo risorgimentale ottocentesco, che viene rappresentato il 9 marzo 1842 al Teatro alla Scala di Milano. Si tratta di una nuova produzione del Teatro Lirico di Cagliari, che si avvale della regia di Leo Muscato, giovane artista e drammaturgo capace di soluzioni registiche di grande inventiva, delle scene di Tiziano Santi, dei costumi di Silvia Aymonino e delle luci di Alessandro Verazzi. L\u2019opera viene diretta da Donato Renzetti, direttore abruzzese ed apprezzato interprete della tradizione musicale italiana, in particolare verdiana, che ritorna a Cagliari, dopo aver diretto due concerti nelle ultime stagioni. <SPAN style=\"LETTER-SPACING: -0.2pt\">Nel ruolo principale canta Paolo Coni, autorevole baritono con particolare predisposizione verso il repertorio verdiano. <\/SPAN>Dimitra Theodossiou, celebre soprano greco al suo debutto a Cagliari,<SPAN style=\"LETTER-SPACING: -0.2pt\"> \u00e8 Abigaille, <\/SPAN>Alessandro Liberatore interpreta Ismaele, Orlin Anastassov \u00e8 Zaccaria e Clara Calanna canta Fenena.<\/SPAN><\/p>\n<p><SPAN style=\"LINE-HEIGHT: 115%; FONT-FAMILY: 'Verdana','sans-serif'; mso-bidi-font-size: 12.0pt\">&nbsp;<\/SPAN><\/p>\n<p><SPAN style=\"FONT-FAMILY: 'Verdana','sans-serif'\">Il 9 dicembre 1905, alla Hofoper di Dresda, alla sua prima rappresentazione, <I style=\"mso-bidi-font-style: normal\">Salome<\/I>, dramma musicale in un atto, tratto dal poema omonimo di Oscar Wilde e musicato da Richard Strauss (Monaco, 1864 - Garmisch-Partenkirchen, Baviera 1949), suscita scandalo ed indignazione nel pubblico e nella critica, sia <st1:PersonName w:st=\"on\" ProductID=\"per il\">per il<\/st1:PersonName> soggetto sadico e perverso che <st1:PersonName w:st=\"on\" ProductID=\"per il\">per il<\/st1:PersonName> violento erotismo emanato dalla musica. Nonostante ci\u00f2, la partitura straussiana continua ad avere un incondizionato successo, ogni volta che viene proposta, grazie al ben noto passo biblico che viene mutuato da Wilde ed affrontato, con mano raffinata, dal compositore tedesco, in maniera ossessiva e frenetica, fino al culmine della celebre \u201cdanza dei sette veli\u201d, in un crescendo musicale senza pari. A Cagliari va in scena dal 30 novembre al 7 dicembre in un bellissimo e seducente allestimento del Teatro Comunale di Bologna del gennaio 2010, firmato da Gabriele Lavia per la curatissima regia, da Alessandro Camera per lo spoglio ma essenziale impianto scenico, da Andrea Viotti <st1:PersonName w:st=\"on\" ProductID=\"per i\">per i<\/st1:PersonName> rigorosi ed eleganti costumi e da Daniele Naldi per le suggestive luci. A guidare l\u2019<st1:PersonName w:st=\"on\">Orchestra<\/st1:PersonName> del Teatro Lirico ritorna il direttore svizzero Roman Brogli-Sacher. Nei ruoli principali cantano: Roman Sadnik<I style=\"mso-bidi-font-style: normal\"> <\/I>(<I style=\"mso-bidi-font-style: normal\">Erode<\/I>), Mariana Pentcheva<I style=\"mso-bidi-font-style: normal\"> <\/I>(<I style=\"mso-bidi-font-style: normal\">Erodiade<\/I>), Manuela Uhl<I style=\"mso-bidi-font-style: normal\"> <\/I>(<I style=\"mso-bidi-font-style: normal\">Salome<\/I>), Boris Statsenko<I style=\"mso-bidi-font-style: normal\"> <\/I>(<I style=\"mso-bidi-font-style: normal\">Jochanaan<\/I>), Eric Fennell<I style=\"mso-bidi-font-style: normal\"> <\/I>(<I style=\"mso-bidi-font-style: normal\">Narraboth<\/I>). L\u2019ultima rappresentazione di <I style=\"mso-bidi-font-style: normal\">Salome<\/I> di Strauss, all\u2019Auditorium del Conservatorio di Cagliari, risale al dicembre 1989.<\/SPAN><\/p>\n<p><SPAN style=\"LINE-HEIGHT: 115%; FONT-FAMILY: 'Verdana','sans-serif'; mso-bidi-font-size: 12.0pt\">&nbsp;<\/SPAN><\/p>\n<p><SPAN style=\"FONT-FAMILY: 'Verdana','sans-serif'\">Dal 15 al 22 dicembre, per sette rappresentazioni, di cui una fuori abbonamento, ritorna la grande danza con <I style=\"mso-bidi-font-style: normal\">La Belle<\/I>, balletto tratto da <I style=\"mso-bidi-font-style: normal\">La bella addormentata nel bosco<\/I> di <\/SPAN><SPAN style=\"LINE-HEIGHT: 115%; FONT-FAMILY: 'Verdana','sans-serif'; mso-bidi-font-size: 12.0pt\">P\u00ebtr Il\u2019i&#269; &#268;ajkovskij (Kamsko-Votkinsk, governatorato di Vjatka, 1840 - San Pietroburgo, 1893)<\/SPAN><SPAN style=\"FONT-FAMILY: 'Verdana','sans-serif'\">, uno dei capolavori pi\u00f9 amati dal pubblico<SPAN style=\"LETTER-SPACING: -0.2pt\">, <\/SPAN>nella versione portata in scena da Les Balletts de Monte-Carlo. Questo prestigioso e storico corpo di ballo, che ritorna al Teatro Lirico di Cagliari proprio con il fiabesco balletto che, nella sua forma tradizionale, mancava dal palcoscenico cagliaritano dal marzo 2003, affonda le sue radici nei primi anni del Novecento, quando Sergej Djagilev fece di Montecarlo la propria residenza, trasformando i suoi <I style=\"mso-bidi-font-style: normal\">Ballets Russes<\/I> in compagnia stabile e realizzando il sogno di riunire i migliori ballerini di Mosca e di San Pietroburgo. Il cammino della Compagnia, passato attraverso i due conflitti mondiali, arriva alla chiusura, dopo la morte del suo geniale fondatore. Les Ballets de Monte-Carlo sono rinati nel 1985, grazie all\u2019intervento di S.A.R. la Principessa di Hannover che \u00e8 riuscita a riportarne in auge la vocazione internazionale. Dal 1993 la nomina di Jean-Christophe Maillot, in qualit\u00e0 di coreografo-direttore, rappresenta una vera e propria svolta per <st1:PersonName w:st=\"on\" ProductID=\"la Compagnia. Negli\">la Compagnia. Negli<\/st1:PersonName> anni Maillot ha saputo costruire un repertorio tradizionale ma anche molto originale, amalgamando le proprie creazioni alla lezione dei grandi maestri americani, quali Lucinda Childs, Karole Armitage e William Forsythe, ed a quella dei coreografi europei come Jacopo Godani, Nacho Duato e Sidi Larbi Cherkaoui. Un vero e proprio percorso di crescita e di iniziazione \u00e8 quello di Aurora, la protagonista di <I style=\"mso-bidi-font-style: normal\">La Belle<\/I>, creata da Maillot nel 2001, e che vince il Premio \u201cNijinskij\u201d, come migliore produzione coreografica dell\u2019anno, ed il Premio \u201cDanza &amp; Danza\u201d, come migliore spettacolo 2002. Una Bella addormentata in parte differente dall\u2019edizione del debutto a San Pietroburgo nel 1890, ma che riporta in primo <st1:PersonName w:st=\"on\" ProductID=\"piano il\">piano il<\/st1:PersonName> carattere potentemente carnale e psicologico della fiaba di Charles Perrault. Sia Aurora che <st1:PersonName w:st=\"on\" ProductID=\"il Principe\">il Principe<\/st1:PersonName> temono il passaggio alla vita adulta, lei splendida ed adorata figlia iperprotetta dai genitori adottivi, lui solitario, sognatore e triste per colpa di una madre dominante e maligna; <st1:PersonName w:st=\"on\" ProductID=\"la Fata Buona\">la Fata Buona<\/st1:PersonName> (il Principio Femminile) crea l\u2019incontro che li salva e libera dalla paura di diventare adulti. Le scene sono firmate da Ernest Pignon-Ernest, i costumi da Philippe Guillotel e le luci da Dominique Drillot. L\u2019<st1:PersonName w:st=\"on\">Orchestra<\/st1:PersonName> del Teatro Lirico \u00e8 diretta da Nicolas Brochot, vero \u201cspecialista\u201d in questo repertorio.<\/SPAN><\/p>\n<p><SPAN style=\"LINE-HEIGHT: 115%; FONT-FAMILY: 'Verdana','sans-serif'; mso-bidi-font-size: 12.0pt\">&nbsp;<\/SPAN><\/p>\n<p><SPAN style=\"FONT-FAMILY: 'Verdana','sans-serif'\">Tutte le opere vengono eseguite dall\u2019<st1:PersonName w:st=\"on\">Orchestra<\/st1:PersonName> e dal Coro, diretto da Marco Faelli, del Teatro Lirico di Cagliari.<\/SPAN><\/p>\n<p><SPAN style=\"LINE-HEIGHT: 115%; FONT-FAMILY: 'Verdana','sans-serif'; mso-bidi-font-size: 12.0pt\">&nbsp;<\/SPAN><\/p>\n<p><SPAN style=\"FONT-FAMILY: 'Verdana','sans-serif'\">La Stagione lirica e di balletto 2012 si avvale del contributo della Fondazione Banco di Sardegna.<\/SPAN><\/p>\n<p><SPAN style=\"LINE-HEIGHT: 115%; FONT-FAMILY: 'Verdana','sans-serif'; mso-bidi-font-size: 12.0pt\">&nbsp;<\/SPAN><\/p>\n<p><SPAN style=\"LETTER-SPACING: -0.4pt; FONT-FAMILY: 'Verdana','sans-serif'\">Gli incontri di presentazione di opere e balletto<\/SPAN><SPAN style=\"FONT-FAMILY: 'Verdana','sans-serif'\"><\/SPAN><\/p>\n<p><SPAN style=\"LINE-HEIGHT: 115%; FONT-FAMILY: 'Verdana','sans-serif'; mso-bidi-font-size: 12.0pt\">&nbsp;<\/SPAN><\/p>\n<p><SPAN style=\"FONT-FAMILY: 'Verdana','sans-serif'\">Autorevoli studiosi e musicologi, con l\u2019ausilio del pianoforte, ascolti registrati, proiezioni video e letture dal vivo, presentano le opere liriche e il balletto in cartellone in sei incontri con il pubblico, ad ingresso libero, che si svolgono, come consuetudine, nel foyer di platea del Teatro Lirico di Cagliari.<\/SPAN><\/p>\n<p><SPAN style=\"LINE-HEIGHT: 115%; FONT-FAMILY: 'Verdana','sans-serif'; mso-bidi-font-size: 12.0pt\">&nbsp;<\/SPAN><\/p>\n<p><I style=\"mso-bidi-font-style: normal\"><SPAN style=\"LETTER-SPACING: -0.4pt; FONT-FAMILY: 'Verdana','sans-serif'\">classicalparco<\/SPAN><\/I><SPAN style=\"LETTER-SPACING: -0.4pt; FONT-FAMILY: 'Verdana','sans-serif'\">: la grande <st1:PersonName w:st=\"on\" ProductID=\"musica classica\">musica classica<\/st1:PersonName> in cd al Parco della <st1:PersonName w:st=\"on\">Musica<\/st1:PersonName><\/SPAN><SPAN style=\"FONT-FAMILY: 'Verdana','sans-serif'\"><\/SPAN><\/p>\n<p><SPAN style=\"LINE-HEIGHT: 115%; FONT-FAMILY: 'Verdana','sans-serif'; mso-bidi-font-size: 12.0pt\">&nbsp;<\/SPAN><\/p>\n<p><SPAN style=\"FONT-FAMILY: 'Verdana','sans-serif'\">Da luned\u00ec 16 maggio 2011 \u00e8 stata avviata <I style=\"mso-bidi-font-style: normal\">classicalparco<\/I>, una nuova rassegna di ascolti musicali riservata al Parco della <st1:PersonName w:st=\"on\">Musica<\/st1:PersonName>. Ogni settimana vengono diffuse, dalle 11 alle 12 e dalle 17.30 alle 18.30, attraverso i 31 altoparlanti posizionati dentro ed intorno al Parco della <st1:PersonName w:st=\"on\">Musica<\/st1:PersonName>, le registrazioni in cd delle principali composizioni di un grande autore della <st1:PersonName w:st=\"on\" ProductID=\"musica classica\">musica classica<\/st1:PersonName>, al quale viene interamente dedicata la settimana, interpretate dalle migliori orchestre e dai solisti pi\u00f9 celebri del panorama internazionale. In occasione della Stagione lirica e di balletto 2012, sono state gi\u00e0 programmate settimane d\u2019ascolto, dedicate a Massenet, Stravinskij, Puccini, Mozart, Verdi, Strauss, <\/SPAN><SPAN style=\"LINE-HEIGHT: 115%; FONT-FAMILY: 'Verdana','sans-serif'; mso-bidi-font-size: 12.0pt\">&#268;ajkovskij<\/SPAN><SPAN style=\"FONT-FAMILY: 'Verdana','sans-serif'\">, in concomitanza con le rappresentazioni musicali in corso. Il Parco della <st1:PersonName w:st=\"on\">Musica<\/st1:PersonName> \u00e8 aperto tutti i giorni dalle 7.30 alle <st1:metricconverter w:st=\"on\" ProductID=\"23. L\">23. L<\/st1:metricconverter>'ingresso \u00e8 libero.<\/SPAN><SPAN style=\"LINE-HEIGHT: 115%; FONT-FAMILY: 'Verdana','sans-serif'; FONT-SIZE: 10pt; mso-bidi-font-family: Arial; mso-bidi-font-size: 11.0pt\"><\/SPAN><\/p>\n<p><SPAN style=\"LINE-HEIGHT: 115%; FONT-FAMILY: 'Verdana','sans-serif'; mso-bidi-font-size: 12.0pt\">&nbsp;<\/SPAN><\/p>\n<p><SPAN style=\"FONT-FAMILY: 'Verdana','sans-serif'\">La Biglietteria del Teatro Lirico di Cagliari<\/SPAN><\/p>\n<p><SPAN style=\"LINE-HEIGHT: 115%; FONT-FAMILY: 'Verdana','sans-serif'; mso-bidi-font-size: 12.0pt\">&nbsp;<\/SPAN><\/p>\n<p><SPAN style=\"FONT-FAMILY: 'Verdana','sans-serif'\">Anche per questa stagione i posti in teatro sono identificati per ordine (platea, prima e seconda loggia) e per settore (giallo, rosso e blu). Ad ogni settore corrisponde un prezzo, secondo il diverso valore dei posti.<\/SPAN><\/p>\n<p><SPAN style=\"LINE-HEIGHT: 115%; FONT-FAMILY: 'Verdana','sans-serif'; mso-bidi-font-size: 12.0pt\">&nbsp;<\/SPAN><\/p>\n<p><SPAN style=\"FONT-FAMILY: 'Verdana','sans-serif'\">La Stagione lirica e di balletto 2012 prevede sei turni di abbonamento, per sei titoli ciascuno (i cinque allestimenti lirici pi\u00f9 il balletto).<\/SPAN><\/p>\n<p><SPAN style=\"LINE-HEIGHT: 115%; FONT-FAMILY: 'Verdana','sans-serif'; mso-bidi-font-size: 12.0pt\">&nbsp;<\/SPAN><\/p>\n<p><SPAN style=\"FONT-FAMILY: 'Verdana','sans-serif'\">La campagna abbonamenti per <st1:PersonName w:st=\"on\" ProductID=\"la Stagione\">la Stagione<\/st1:PersonName> lirica e di balletto viene aperta luned\u00ec 12 marzo 2012 con le conferme, possibili fino a sabato 31 marzo. Le variazioni su posti disponibili sono possibili da luned\u00ec 2 aprile a marted\u00ec 10 aprile. I nuovi abbonamenti saranno in vendita da mercoled\u00ec 11 aprile a mercoled\u00ec 18 aprile.<\/SPAN><\/p>\n<p><SPAN style=\"LINE-HEIGHT: 115%; FONT-FAMILY: 'Verdana','sans-serif'; mso-bidi-font-size: 12.0pt\">&nbsp;<\/SPAN><\/p>\n<p><SPAN style=\"FONT-FAMILY: 'Verdana','sans-serif'\">Da gioved\u00ec 19 aprile 2012 si possono acquistare <st1:PersonName w:st=\"on\" ProductID=\"i biglietti per\">i biglietti per<\/st1:PersonName> tutti gli spettacoli della Stagione lirica e di balletto.<\/SPAN><\/p>\n<p><SPAN style=\"LINE-HEIGHT: 115%; FONT-FAMILY: 'Verdana','sans-serif'; mso-bidi-font-size: 12.0pt\">&nbsp;<\/SPAN><\/p>\n<p><SPAN style=\"LINE-HEIGHT: 115%; FONT-FAMILY: 'Verdana','sans-serif'; mso-fareast-font-family: MyriadPro-Light; mso-bidi-font-size: 12.0pt\">\u00c8 possibile acquistare i biglietti, entro e non oltre dieci giorni dallo spettacolo, tramite <SPAN style=\"mso-bidi-font-weight: bold\">bonifico bancario <\/SPAN>(Banco di Sardegna: c\/c intestato a INCASSI - IBAN: IT70K 0101504800000070170962 - BIC: SARDIT 3 S XXX) o <SPAN style=\"mso-bidi-font-weight: bold\">vaglia postale <\/SPAN>(intestato a Fondazione Teatro Lirico di Cagliari, via Sant\u2019Alenixedda, 09128 Cagliari) previa verifica telefonica della disponibilit\u00e0.<\/SPAN><\/p>\n<p><SPAN style=\"LINE-HEIGHT: 115%; FONT-FAMILY: 'Verdana','sans-serif'; mso-bidi-font-size: 12.0pt\">&nbsp;<\/SPAN><\/p>\n<p><SPAN style=\"LINE-HEIGHT: 115%; FONT-FAMILY: 'Verdana','sans-serif'; mso-bidi-font-size: 12.0pt\">Le prove generali delle opere liriche verranno aperte agli istituti scolastici. Per informazioni: <SPAN style=\"mso-bidi-font-weight: bold\">Servizio Promozione <st1:PersonName w:st=\"on\">Cult<\/st1:PersonName>urale, <\/SPAN>telefono +39 070 4082326 - +39 070 4082252, fax +39 070 4082269.<\/SPAN><\/p>\n<p><SPAN style=\"LINE-HEIGHT: 115%; FONT-FAMILY: 'Verdana','sans-serif'; mso-bidi-font-size: 12.0pt\">&nbsp;<\/SPAN><\/p>\n<p><SPAN style=\"LINE-HEIGHT: 115%; FONT-FAMILY: 'Verdana','sans-serif'; mso-bidi-font-size: 12.0pt\">In caso di annullamento di spettacolo, i relativi biglietti verranno rimborsati dalla Biglietteria esclusivamente nei cinque giorni successivi alla data dello spettacolo annullato. I ratei degli abbonamenti saranno rimborsati nel rispetto delle disposizioni vigenti, secondo modalit\u00e0 che saranno determinate e rese note dalla Fondazione.<\/SPAN><\/p>\n<p><SPAN style=\"LINE-HEIGHT: 115%; FONT-FAMILY: 'Verdana','sans-serif'; mso-bidi-font-size: 12.0pt\">&nbsp;<\/SPAN><\/p>\n<p><SPAN style=\"FONT-FAMILY: 'Verdana','sans-serif'\">La Direzione si riserva di apportare al programma le modifiche che si rendessero necessarie per esigenze tecniche o per cause di forza maggiore. Eventuali modifiche al cartellone saranno indicate nel sito internet del teatro www.teatroliricodicagliari.it.<\/SPAN><\/p>\n<p><SPAN style=\"LINE-HEIGHT: 115%; FONT-FAMILY: 'Verdana','sans-serif'; mso-bidi-font-size: 12.0pt\">&nbsp;<\/SPAN><\/p>\n<p><SPAN style=\"FONT-FAMILY: 'Verdana','sans-serif'\">La Biglietteria del Teatro Lirico \u00e8 aperta dal luned\u00ec al venerd\u00ec, dalle 10 alle 13 e dalle 17 alle 20, il sabato dalle 10 alle 13 e nell\u2019ora precedente lo spettacolo. Rimane chiusa i giorni festivi.<\/SPAN><\/p>\n<p><SPAN style=\"LINE-HEIGHT: 115%; FONT-FAMILY: 'Verdana','sans-serif'; mso-bidi-font-size: 12.0pt\">&nbsp;<\/SPAN><\/p>\n<p><SPAN style=\"FONT-FAMILY: 'Verdana','sans-serif'\">Per informazioni: <SPAN style=\"LETTER-SPACING: -0.4pt\">Biglietteria del Teatro Lirico, <\/SPAN>via Sant\u2019Alenixedda, 09128 Cagliari, <SPAN style=\"LETTER-SPACING: -0.4pt\">dal luned\u00ec al venerd\u00ec, dalle 10 alle 13 e<\/SPAN> dalle 17 alle 20, il sabato dalle 10 alle 13 <SPAN style=\"LETTER-SPACING: -0.4pt\">e nell\u2019ora precedente lo spettacolo, telefono +39 0704082230 - +39 0704082249, fax +39 0704082223, <\/SPAN><A href=\"mailto:biglietteria@teatroliricodicagliari.it;\"><SPAN style=\"LETTER-SPACING: -0.4pt\"><FONT color=#0000ff>biglietteria@teatroliricodicagliari.it<\/FONT><\/SPAN><\/A>,<SPAN style=\"LETTER-SPACING: -0.4pt\"> <\/SPAN><A href=\"http:\/\/www.teatroliricodicagliari.it\/\"><SPAN style=\"LETTER-SPACING: -0.4pt\"><FONT color=#0000ff>www.teatroliricodicagliari.it<\/FONT><\/SPAN><\/A>. <st1:PersonName w:st=\"on\" ProductID=\"Il Teatro\">Il Teatro<\/st1:PersonName> Lirico di Cagliari si pu\u00f2 seguire anche su Facebook, Twitter, YouTube.<\/SPAN><\/p>\n<p><SPAN style=\"LINE-HEIGHT: 115%; mso-bidi-font-size: 12.0pt\"><FONT face=Calibri>&nbsp;<\/FONT><\/SPAN><\/p>\n","protected":false},"excerpt":{"rendered":"<p>Venerd\u00ec 20 aprile alle 20.30 si alza il sipario sulla Stagione lirica e di balletto 2012 del Teatro Lirico di Cagliari. Una stagione sempre molto&#8230;<\/p>\n","protected":false},"author":2,"featured_media":0,"comment_status":"closed","ping_status":"closed","sticky":false,"template":"","format":"standard","meta":[],"categories":[49],"tags":[],"_links":{"self":[{"href":"https:\/\/www.cronacaonline.it\/index.php\/wp-json\/wp\/v2\/posts\/87650"}],"collection":[{"href":"https:\/\/www.cronacaonline.it\/index.php\/wp-json\/wp\/v2\/posts"}],"about":[{"href":"https:\/\/www.cronacaonline.it\/index.php\/wp-json\/wp\/v2\/types\/post"}],"author":[{"embeddable":true,"href":"https:\/\/www.cronacaonline.it\/index.php\/wp-json\/wp\/v2\/users\/2"}],"replies":[{"embeddable":true,"href":"https:\/\/www.cronacaonline.it\/index.php\/wp-json\/wp\/v2\/comments?post=87650"}],"version-history":[{"count":0,"href":"https:\/\/www.cronacaonline.it\/index.php\/wp-json\/wp\/v2\/posts\/87650\/revisions"}],"wp:attachment":[{"href":"https:\/\/www.cronacaonline.it\/index.php\/wp-json\/wp\/v2\/media?parent=87650"}],"wp:term":[{"taxonomy":"category","embeddable":true,"href":"https:\/\/www.cronacaonline.it\/index.php\/wp-json\/wp\/v2\/categories?post=87650"},{"taxonomy":"post_tag","embeddable":true,"href":"https:\/\/www.cronacaonline.it\/index.php\/wp-json\/wp\/v2\/tags?post=87650"}],"curies":[{"name":"wp","href":"https:\/\/api.w.org\/{rel}","templated":true}]}}