{"id":87648,"date":"2012-03-09T15:14:00","date_gmt":"2012-03-09T14:14:00","guid":{"rendered":"http:\/\/www.cronacaonline.it\/public\/content\/index.php\/09\/03\/2012\/cure-integrate-convenzione-tra-asl-e-comune-di-sassari-saranno-costituiti-gruppi-di-lavoro-per-lelaborazione-di-protocolli-operativi"},"modified":"2012-03-09T15:14:00","modified_gmt":"2012-03-09T14:14:00","slug":"cure-integrate-convenzione-tra-asl-e-comune-di-sassari-saranno-costituiti-gruppi-di-lavoro-per-lelaborazione-di-protocolli-operativi","status":"publish","type":"post","link":"https:\/\/www.cronacaonline.it\/index.php\/2012\/03\/09\/cure-integrate-convenzione-tra-asl-e-comune-di-sassari-saranno-costituiti-gruppi-di-lavoro-per-lelaborazione-di-protocolli-operativi\/","title":{"rendered":"Cure integrate, convenzione tra Asl e Comune di Sassari: Saranno costituiti gruppi di lavoro per l\u2019elaborazione di protocolli operativi."},"content":{"rendered":"<p><SPAN style=\"FONT-FAMILY: 'Verdana','sans-serif'\">Progetteranno congiuntamente interventi e attivit\u00e0 in ambito socio sanitario che dovranno servire ad attivare politiche di integrazione per migliorare le attuali risposte ai crescenti bisogni di assistenza, in particolare per gli anziani ultra sessantacinquenni. \u00c8 quanto prevede la convenzione, della durata di tre anni, siglata nei giorni scorsi dal direttore generale dell\u2019Azienda sanitaria locale di via Cattolochino, Marcello Giannico, e dal sindaco del Comune di Sassari, Gianfranco Ganau.<\/SPAN><\/p>\n<p><SPAN style=\"FONT-FAMILY: 'Verdana','sans-serif'\">&nbsp;<\/SPAN><\/p>\n<p><SPAN style=\"FONT-FAMILY: 'Verdana','sans-serif'\">Il progetto \u00e8 stato elaborato dalla direzione sanitaria dell\u2019Asl di Sassari in collaborazione con i Servizi sociali del Comune.<\/SPAN><\/p>\n<p><SPAN style=\"FONT-FAMILY: 'Verdana','sans-serif'\">Il sistema di integrazione socio sanitaria che i due enti realizzeranno, in coerenza con la normativa e gli indirizzi nazionali e regionali, si baser\u00e0<B style=\"mso-bidi-font-weight: normal\"> <\/B>sui principi di unitariet\u00e0 nell'accesso al sistema socio sanitario, sulla presa in carico integrata, sulla multidimensionalit\u00e0 della valutazione sociale e sanitaria integrata. <B style=\"mso-bidi-font-weight: normal\">Secondo il progetto quindi <\/B>sar\u00e0 realizzata una personalizzazione del progetto quindi avviata una continuit\u00e0 e flessibilit\u00e0 dei percorsi assistenziali e, infine, per gli anziani non autosufficienti, sar\u00e0 attivata la domiciliarit\u00e0 integrata. Una operazione che \u2013 <B style=\"mso-bidi-font-weight: normal\">si aggiunge nella convenzione<\/B> \u2013 prevede il potenziamento delle rete integrata dei servizi; l\u2019equit\u00e0 nella definizione di sistemi d'accesso e compartecipazione al costo dei servizi e la appropriatezza delle risposte assistenziali ai profili di cura individuati.<\/SPAN><\/p>\n<p><SPAN style=\"FONT-FAMILY: 'Verdana','sans-serif'\">&nbsp;<\/SPAN><\/p>\n<p><B style=\"mso-bidi-font-weight: normal\"><SPAN style=\"FONT-FAMILY: 'Verdana','sans-serif'\">Il quadro demografico della popolazione italiana evidenzia un progressivo invecchiamento<\/SPAN><\/B><SPAN style=\"FONT-FAMILY: 'Verdana','sans-serif'\">, connesso al fenomeno dell'aumento della durata media di vita, che comporta un aumento complessivo del numero di persone non autosufficienti. Si tratta di soggetti che presentano anche patologie croniche, spesso invalidanti che hanno importanti ripercussioni sulla domanda di servizi sanitari, sociali e socio-sanitari.<\/SPAN><\/p>\n<p><SPAN style=\"FONT-FAMILY: 'Verdana','sans-serif'\">Infatti \u2013 <B style=\"mso-bidi-font-weight: normal\">secondo i dati Ocse 2011<\/B> \u2013 il 20 per cento della popolazione italiana<SPAN style=\"mso-spacerun: yes\">&nbsp; <\/SPAN>\u00e8 costituito da anziani over 65, e ben il 5,8 per cento sono anziani over 80. Attualmente in Sardegna \u2013 <B style=\"mso-bidi-font-weight: normal\">fonte dati Istat aggiornati al 1\u00b0 gennaio 2011<\/B> \u2013 la popolazione anziana \u00e8 pari al 19,5 per cento (le stime sull\u2019andamento demografico parlano di un innalzamento, nei prossimi dieci anni, al 23 per cento), mentre nel Comune di Sassari la popolazione anziana che supera i 65 anni rappresenta attualmente il 18,7 per cento della popolazione (<I style=\"mso-bidi-font-style: normal\">fonte Servizio Statistica \u2013 Comune di Sassari \u2013 anno 2011)<\/I>.<\/SPAN><\/p>\n<p><SPAN style=\"FONT-FAMILY: 'Verdana','sans-serif'\">&nbsp;<\/SPAN><\/p>\n<p><B style=\"mso-bidi-font-weight: normal\"><SPAN style=\"FONT-FAMILY: 'Verdana','sans-serif'\">Il lavoro che i due enti dovranno attuare allora porter\u00e0 a ridefinire, attraverso una serie di protocolli,<\/SPAN><\/B><SPAN style=\"FONT-FAMILY: 'Verdana','sans-serif'\"> il sistema di integrazione socio sanitaria locale anche attraverso l\u2019individuazione di un modello organizzativo per il funzionamento del Pua\/Uvt (punto unico di accesso\/unit\u00e0 di valutazione territoriale), delle cure domiciliari integrate con particolare riferimento ai minori disabili, agli adulti disabili, agli anziani non autosufficienti. <B style=\"mso-bidi-font-weight: normal\">Sar\u00e0 quindi importante la definizione di procedure e modalit\u00e0 valutative comuni e la predisposizione di un sistema informativo integrato e modelli condivisi per la progettazione individualizzata<\/B>.<\/SPAN><\/p>\n<p><SPAN style=\"FONT-FAMILY: 'Verdana','sans-serif'\">Saranno creati gruppi di lavoro integrati, i quali potranno anche prevedere la partecipazione di soggetti diversi a seconda delle necessit\u00e0, che dovranno elaborare i nuovi sistemi.<\/SPAN><\/p>\n<p><SPAN style=\"FONT-FAMILY: 'Verdana','sans-serif'\">&nbsp;<\/SPAN><\/p>\n<p><B style=\"mso-bidi-font-weight: normal\"><SPAN style=\"FONT-FAMILY: 'Verdana','sans-serif'\">Tra gli obiettivi quindi<\/SPAN><\/B><SPAN style=\"FONT-FAMILY: 'Verdana','sans-serif'\"> la definizione e adozione di un nuovo modello di organizzazione e funzionamento del Pua\/Uvt, improntato a un approccio unitario della \u201cpresa in carico\u201d della persona in tutti i momenti del percorso assistenziale.<\/SPAN><\/p>\n<p><B style=\"mso-bidi-font-weight: normal\"><SPAN style=\"FONT-FAMILY: 'Verdana','sans-serif'\">E ancora, <\/SPAN><\/B><SPAN style=\"FONT-FAMILY: 'Verdana','sans-serif'\">costruire dei percorsi per le cure domiciliari integrate anche per incrementare sul territorio la percentuale di popolazione anziana ultra-sessantacinquenne inserita in assistenza domiciliare integrata al fine di raggiungere l'obiettivo del 3,5 per cento nel 2013.<\/SPAN><\/p>\n<p><B style=\"mso-bidi-font-weight: normal\"><SPAN style=\"FONT-FAMILY: 'Verdana','sans-serif'\">Quindi <\/SPAN><\/B><SPAN style=\"FONT-FAMILY: 'Verdana','sans-serif'\">costruire un percorso socio sanitario integrato per le dimissioni protette, che garantisca cio\u00e8 la continuit\u00e0 assistenziale nel passaggio del paziente dall'ospedale al territorio.<\/SPAN><\/p>\n<p><SPAN style=\"FONT-FAMILY: 'Verdana','sans-serif'\"><\/SPAN><SPAN style=\"FONT-FAMILY: 'Verdana','sans-serif'\">I due enti si impegnano a estendere il progetto ad altri soggetti, a esempio i Comuni facenti parte del Plus, una volta definito e sperimentato un sistema integrato di gestione dei servizi socio sanitari, a partire dal modello Pua\/Uvt e dalle cure domiciliari integrate.<\/SPAN><\/p>\n<p><SPAN style=\"LINE-HEIGHT: 115%; FONT-FAMILY: 'Arial','sans-serif'; FONT-SIZE: 10pt; mso-bidi-font-family: 'Times New Roman'; mso-bidi-theme-font: minor-bidi; mso-bidi-font-size: 11.0pt\">&nbsp;<\/SPAN><\/p>\n","protected":false},"excerpt":{"rendered":"<p>Progetteranno congiuntamente interventi e attivit\u00e0 in ambito socio sanitario che dovranno servire ad attivare politiche di integrazione per migliorare le attuali risposte ai crescenti bisogni&#8230;<\/p>\n","protected":false},"author":2,"featured_media":0,"comment_status":"closed","ping_status":"closed","sticky":false,"template":"","format":"standard","meta":[],"categories":[49],"tags":[],"_links":{"self":[{"href":"https:\/\/www.cronacaonline.it\/index.php\/wp-json\/wp\/v2\/posts\/87648"}],"collection":[{"href":"https:\/\/www.cronacaonline.it\/index.php\/wp-json\/wp\/v2\/posts"}],"about":[{"href":"https:\/\/www.cronacaonline.it\/index.php\/wp-json\/wp\/v2\/types\/post"}],"author":[{"embeddable":true,"href":"https:\/\/www.cronacaonline.it\/index.php\/wp-json\/wp\/v2\/users\/2"}],"replies":[{"embeddable":true,"href":"https:\/\/www.cronacaonline.it\/index.php\/wp-json\/wp\/v2\/comments?post=87648"}],"version-history":[{"count":0,"href":"https:\/\/www.cronacaonline.it\/index.php\/wp-json\/wp\/v2\/posts\/87648\/revisions"}],"wp:attachment":[{"href":"https:\/\/www.cronacaonline.it\/index.php\/wp-json\/wp\/v2\/media?parent=87648"}],"wp:term":[{"taxonomy":"category","embeddable":true,"href":"https:\/\/www.cronacaonline.it\/index.php\/wp-json\/wp\/v2\/categories?post=87648"},{"taxonomy":"post_tag","embeddable":true,"href":"https:\/\/www.cronacaonline.it\/index.php\/wp-json\/wp\/v2\/tags?post=87648"}],"curies":[{"name":"wp","href":"https:\/\/api.w.org\/{rel}","templated":true}]}}