{"id":87625,"date":"2012-03-03T15:14:00","date_gmt":"2012-03-03T14:14:00","guid":{"rendered":"http:\/\/www.cronacaonline.it\/public\/content\/index.php\/03\/03\/2012\/denunciato-38enne-di-carbonia-per-ricettazione"},"modified":"2012-03-03T15:14:00","modified_gmt":"2012-03-03T14:14:00","slug":"denunciato-38enne-di-carbonia-per-ricettazione","status":"publish","type":"post","link":"https:\/\/www.cronacaonline.it\/index.php\/2012\/03\/03\/denunciato-38enne-di-carbonia-per-ricettazione\/","title":{"rendered":"Denunciato 38enne di Carbonia per ricettazione."},"content":{"rendered":"<p><P style=\"MARGIN: 0cm 0cm 10pt\" class=MsoNormal><SPAN style=\"LINE-HEIGHT: 115%; FONT-FAMILY: 'Verdana','sans-serif'; FONT-SIZE: 12pt; mso-fareast-language: IT\"><\/SPAN><\/p>\n<p><SPAN style=\"LINE-HEIGHT: 115%; FONT-FAMILY: 'Verdana','sans-serif'; FONT-SIZE: 12pt; mso-fareast-language: IT\">Nella mattinata un imprenditore aveva denunciato ai militari che da qualche giorno dal suo cantiere di via Dalmazia gli erano spariti alcuni attrezzi da lavoro. Dalle prime indagini \u00e8 poi emerso quale sarebbe stato il potenziale autore del furto. Quindi \u00e8 stata fatta una perquisizione a casa del presunto autore il quale \u00e8 stato poi trovato in possesso un trapano a percussione, 2 avvitatori, una smerigliatrice e 2,7 grammi di hashish. <\/SPAN><\/p>\n<p><SPAN style=\"LINE-HEIGHT: 115%; FONT-FAMILY: 'Verdana','sans-serif'; FONT-SIZE: 12pt; mso-fareast-language: IT\">Quindi il giovane \u00e8 stato denunciato appunto per il primo reato e poi sar\u00e0 segnalato anche alla Prefettura di Cagliari come consumatore di stupefacenti.<\/SPAN><\/p>\n","protected":false},"excerpt":{"rendered":"<p>Nella mattinata un imprenditore aveva denunciato ai militari che da qualche giorno dal suo cantiere di via Dalmazia gli erano spariti alcuni attrezzi da lavoro.&#8230;<\/p>\n","protected":false},"author":2,"featured_media":0,"comment_status":"closed","ping_status":"closed","sticky":false,"template":"","format":"standard","meta":[],"categories":[49],"tags":[],"_links":{"self":[{"href":"https:\/\/www.cronacaonline.it\/index.php\/wp-json\/wp\/v2\/posts\/87625"}],"collection":[{"href":"https:\/\/www.cronacaonline.it\/index.php\/wp-json\/wp\/v2\/posts"}],"about":[{"href":"https:\/\/www.cronacaonline.it\/index.php\/wp-json\/wp\/v2\/types\/post"}],"author":[{"embeddable":true,"href":"https:\/\/www.cronacaonline.it\/index.php\/wp-json\/wp\/v2\/users\/2"}],"replies":[{"embeddable":true,"href":"https:\/\/www.cronacaonline.it\/index.php\/wp-json\/wp\/v2\/comments?post=87625"}],"version-history":[{"count":0,"href":"https:\/\/www.cronacaonline.it\/index.php\/wp-json\/wp\/v2\/posts\/87625\/revisions"}],"wp:attachment":[{"href":"https:\/\/www.cronacaonline.it\/index.php\/wp-json\/wp\/v2\/media?parent=87625"}],"wp:term":[{"taxonomy":"category","embeddable":true,"href":"https:\/\/www.cronacaonline.it\/index.php\/wp-json\/wp\/v2\/categories?post=87625"},{"taxonomy":"post_tag","embeddable":true,"href":"https:\/\/www.cronacaonline.it\/index.php\/wp-json\/wp\/v2\/tags?post=87625"}],"curies":[{"name":"wp","href":"https:\/\/api.w.org\/{rel}","templated":true}]}}