{"id":87584,"date":"2012-03-08T15:14:00","date_gmt":"2012-03-08T14:14:00","guid":{"rendered":"http:\/\/www.cronacaonline.it\/public\/content\/index.php\/08\/03\/2012\/across-the-vision-film-festival-prima-edizione-8---11-marzo-2012---cagliari-iglesias-carbonia"},"modified":"2012-03-08T15:14:00","modified_gmt":"2012-03-08T14:14:00","slug":"across-the-vision-film-festival-prima-edizione-8-11-marzo-2012-cagliari-iglesias-carbonia","status":"publish","type":"post","link":"https:\/\/www.cronacaonline.it\/index.php\/2012\/03\/08\/across-the-vision-film-festival-prima-edizione-8-11-marzo-2012-cagliari-iglesias-carbonia\/","title":{"rendered":"Across the Vision Film festival prima edizione: 8 &#8211; 11 marzo 2012 &#8211; Cagliari, Iglesias, Carbonia"},"content":{"rendered":"<p><SPAN style=\"FONT-FAMILY: 'Verdana','sans-serif'; COLOR: black\">Programma del secondo giorno<\/SPAN><SPAN class=apple-converted-space><B><SPAN style=\"FONT-FAMILY: 'Verdana','sans-serif'; COLOR: red; mso-bidi-font-family: Arial\">&nbsp;- <\/SPAN><\/B><\/SPAN><SPAN style=\"FONT-FAMILY: 'Verdana','sans-serif'\">Il documentario sul calcio storico fiorentino, la masterclass di regia di Michelangelo Frammartino e di produzione Mediadesk ITALIA, l\u2019omaggio di Gianluca Arcopinto a Corso Salani e la proiezione di Enter the Void del regista-cult Gaspar No\u00e9<\/SPAN><\/p>\n<p><SPAN style=\"FONT-FAMILY: 'Verdana','sans-serif'; COLOR: black\">Secondo giorno,<SPAN class=apple-converted-space>&nbsp;<\/SPAN><A href=\"javascript:mails_addtocal(2,%22domani%22);\"><SPAN style=\"COLOR: #ff8000; TEXT-DECORATION: none; text-underline: none\">domani<\/SPAN><\/A>,<SPAN class=apple-converted-space>&nbsp;<\/SPAN><\/SPAN><SPAN style=\"FONT-FAMILY: 'Verdana','sans-serif'; COLOR: red\">venerd\u00ec 9 marzo<\/SPAN><SPAN style=\"FONT-FAMILY: 'Verdana','sans-serif'; COLOR: black\">, della prima edizione di<\/SPAN><SPAN class=apple-converted-space><SPAN style=\"FONT-FAMILY: 'Verdana','sans-serif'; COLOR: black; mso-bidi-font-family: Arial\">&nbsp;<\/SPAN><\/SPAN><SPAN style=\"FONT-FAMILY: 'Verdana','sans-serif'; COLOR: black\"><spanstyle='font-family:\"arial\",\"sans-serif\";color:#4f6228'>Across the Vision Film Festival<\/spanstyle='font-family:\"arial\",\"sans-serif\";color:#4f6228'>, festival internazionale di cinema di confine, che si tiene fino a domenica<\/SPAN><SPAN class=apple-converted-space><SPAN style=\"FONT-FAMILY: 'Verdana','sans-serif'; COLOR: black; mso-bidi-font-family: Arial\">&nbsp;<\/SPAN><\/SPAN><SPAN style=\"FONT-FAMILY: 'Verdana','sans-serif'; COLOR: black\"><spanstyle='font-family:\"arial\",\"sans-serif\";color:#4f6228'>11 marzo,<SPAN class=apple-converted-space><B>&nbsp;<\/spanstyle='font-family:\"arial\",\"sans-serif\";color:#4f6228'><\/B><\/SPAN><spanstyle='font-family:\"arial\",\"sans-serif\";color:black'>tra<SPANCLASS=APPLE-CONVERTED-SPACE>&nbsp;<\/SPAN><SPAN style=\"FONT-FAMILY: 'Verdana','sans-serif'; COLOR: #4f6228\">Cagliari, Iglesias<\/SPAN><SPAN class=apple-converted-space><B><SPAN style=\"FONT-FAMILY: 'Verdana','sans-serif'; COLOR: #4f6228; mso-bidi-font-family: Arial\">&nbsp;<\/SPAN><\/B><\/SPAN><spanstyle='font-family:\"arial\",\"sans-serif\"'><SPAN style=\"FONT-FAMILY: 'Verdana','sans-serif'; COLOR: black\">e il<\/SPAN><SPAN class=apple-converted-space><B><SPAN style=\"FONT-FAMILY: 'Verdana','sans-serif'; COLOR: #4f6228\">&nbsp;<\/SPAN><\/B><\/SPAN><SPAN style=\"FONT-FAMILY: 'Verdana','sans-serif'; COLOR: #4f6228\">Museo del Carbone di Carbonia nel Parco Geominerario Storico e Ambientale del Sulcis<\/SPAN><SPAN class=apple-converted-space><SPAN style=\"FONT-FAMILY: 'Verdana','sans-serif'; COLOR: black\">&nbsp;<\/SPAN><\/SPAN><spanstyle='color:black'><SPAN style=\"FONT-FAMILY: 'Verdana','sans-serif'; COLOR: black\">- luogo dichiarato dall'UNESCO Patrimonio dell'Umanit\u00e0. Il festival, con la direzione artistica di Maria Paola Zedda, ha come tema l\u2019<spanstyle='color:#4f6228'>attraversamento<\/spanstyle='color:#4f6228'>.<u1:p><\/u1:p><\/SPAN><\/spanstyle='color:black'><\/spanstyle='font-family:\"arial\",\"sans-serif\"'><\/SPANCLASS=APPLE-CONVERTED-SPACE><\/spanstyle='font-family:\"arial\",\"sans-serif\";color:black'><\/p>\n<p><SPAN style=\"FONT-FAMILY: 'Verdana','sans-serif'; COLOR: black\">La giornata di<SPAN class=apple-converted-space>&nbsp;<\/SPAN><A href=\"javascript:mails_addtocal(2,%22domani%22);\"><SPAN style=\"COLOR: #ff8000; TEXT-DECORATION: none; text-underline: none\">domani<\/SPAN><\/A><SPAN class=apple-converted-space>&nbsp;<\/SPAN>si apre a<SPAN class=apple-converted-space>&nbsp;<\/SPAN><\/SPAN><U><SPAN style=\"FONT-FAMILY: 'Verdana','sans-serif'; COLOR: #4f6228\">Cagliari<\/SPAN><\/U><SPAN class=apple-converted-space><B><spanstyle='font-family:\"arial\",\"sans-serif\";color:black'><SPAN style=\"FONT-FAMILY: 'Verdana','sans-serif'; COLOR: black\">&nbsp;<\/SPAN><\/spanstyle='font-family:\"arial\",\"sans-serif\";color:black'><\/B><\/SPAN><spanstyle='font-family:\"arial\",\"sans-serif\";color:black'><SPAN style=\"FONT-FAMILY: 'Verdana','sans-serif'; COLOR: black\">alle ore 10:00 con la<SPAN class=apple-converted-space>&nbsp;<\/SPAN><spanstyle='font-family:\"arial\",\"sans-serif\";color:red'>Masterclass di regia<SPAN class=apple-converted-space><\/spanstyle='font-family:\"arial\",\"sans-serif\";color:red'><spanstyle='font-family:\"arial\",\"sans-serif\";color:black'>&nbsp;<\/SPAN>che sar\u00e0 tenuta presso l\u2019Aula Magna della Facolt\u00e0 di Scienze della Comunicazione dell\u2019Universit\u00e0 di Cagliari, da<SPAN class=apple-converted-space>&nbsp;<\/SPAN>Michelangelo Frammartino, pluripremiato regista de<SPAN class=apple-converted-space>&nbsp;<\/SPAN><I>Le quattro volte<\/I>. Ingresso gratuito fino a esaurimento posti.<\/SPAN><\/p>\n<p><SPAN style=\"FONT-FAMILY: 'Verdana','sans-serif'; COLOR: black\"><SPAN style=\"mso-spacerun: yes\">&nbsp;<\/SPAN>A<\/SPAN><SPAN class=apple-converted-space><SPAN style=\"FONT-FAMILY: 'Verdana','sans-serif'; COLOR: #4f6228; mso-bidi-font-family: Arial\">&nbsp;<\/SPAN><\/SPAN><U><SPAN style=\"FONT-FAMILY: 'Verdana','sans-serif'; COLOR: #4f6228\">Iglesias<\/SPAN><\/U><spanstyle='font-family:\"arial\",\"sans-serif\";color:#4f6228'><SPAN style=\"FONT-FAMILY: 'Verdana','sans-serif'; COLOR: black\">,<SPAN class=apple-converted-space><spanstyle='font-family:\"arial\",\"sans-serif\";color:black'>&nbsp;<\/SPAN>presso la Sala Lepori proiezioni \u2013 a ingresso gratuito fino a esaurimento posti \u2013 a partire dalle ore 10:00 con l\u2019omaggio al compianto regista, sceneggiatore e attore fiorentino<SPAN class=apple-converted-space>&nbsp;<\/SPAN>Corso Salani, con la proiezione di<SPAN class=apple-converted-space>&nbsp;<\/SPAN><\/SPAN><I><SPAN style=\"FONT-FAMILY: 'Verdana','sans-serif'; COLOR: red\">Confini d\u2019Europa-Yovotva<\/SPAN><\/I><SPAN class=apple-converted-space><B><SPAN style=\"FONT-FAMILY: 'Verdana','sans-serif'; COLOR: #1a1a1a; mso-bidi-font-family: Arial\">&nbsp;<\/SPAN><\/B><\/SPAN><SPAN style=\"FONT-FAMILY: 'Verdana','sans-serif'; COLOR: #1a1a1a\">(2007 \u2013 52 minuti), episodio di una serie realizzata ai margini del nostro continente. A seguire, presentato dal produttore<\/SPAN><SPAN class=apple-converted-space><SPAN style=\"FONT-FAMILY: 'Verdana','sans-serif'; COLOR: #1a1a1a; mso-bidi-font-family: Arial\">&nbsp;<\/SPAN><\/SPAN><SPAN style=\"FONT-FAMILY: 'Verdana','sans-serif'; COLOR: #1a1a1a\">Gianluca Arcopinto, proiezione di<\/SPAN><SPAN class=apple-converted-space><SPAN style=\"FONT-FAMILY: 'Verdana','sans-serif'; COLOR: #1a1a1a; mso-bidi-font-family: Arial\">&nbsp;<\/SPAN><\/SPAN><I><SPAN style=\"FONT-FAMILY: 'Verdana','sans-serif'; COLOR: red\">Palabras<\/SPAN><\/I><SPAN class=apple-converted-space><B><SPAN style=\"FONT-FAMILY: 'Verdana','sans-serif'; COLOR: black; mso-bidi-font-family: Arial\">&nbsp;<\/SPAN><\/B><\/SPAN><SPAN style=\"FONT-FAMILY: 'Verdana','sans-serif'; COLOR: black\">(<AHREF=\"HTTP: 2009?=\"\" wiki=\"\" it.wikipedia.org=\"\"><\/SPAN><SPAN style=\"FONT-FAMILY: 'Verdana','sans-serif'\">2004<\/SPAN><SPAN class=apple-converted-space><SPAN style=\"FONT-FAMILY: 'Verdana','sans-serif'; COLOR: black; mso-bidi-font-family: Arial\">&nbsp;<\/SPAN><\/SPAN><SPAN style=\"FONT-FAMILY: 'Verdana','sans-serif'; COLOR: black\">\u2013 92 minuti), lungometraggio di Salani, che<\/SPAN><SPAN class=apple-converted-space><SPAN style=\"FONT-FAMILY: 'Verdana','sans-serif'; COLOR: black; mso-bidi-font-family: Arial\">&nbsp;<\/SPAN><\/SPAN><SPAN style=\"FONT-FAMILY: 'Verdana','sans-serif'; COLOR: #1a1a1a\">ha come scenario i quartieri alti di Santiago e i paesaggi delle rocce nere sulle Ande. Le proiezioni&nbsp; -sempre a ingresso gratuito fino a esaurimento posti - proseguiranno in serata, presso<\/SPAN><SPAN class=apple-converted-space><SPAN style=\"FONT-FAMILY: 'Verdana','sans-serif'; COLOR: #1a1a1a; mso-bidi-font-family: Arial\">&nbsp;<\/SPAN><\/SPAN><SPAN style=\"FONT-FAMILY: 'Verdana','sans-serif'; COLOR: black\">il multisala Cineworld (Monte Figu) a partire dalle ore 19:00 con<\/SPAN><SPAN class=apple-converted-space><SPAN style=\"FONT-FAMILY: 'Verdana','sans-serif'; COLOR: black; mso-bidi-font-family: Arial\">&nbsp;<\/SPAN><\/SPAN><I><spanstyle='color:red'><SPAN style=\"FONT-FAMILY: 'Verdana','sans-serif'; COLOR: black\">Antonina<\/AHREF=\"HTTP:><\/SPAN>, dei registi sardi Giuseppe Casu e Gianluca Stazi, audio-documentario<SPAN class=Apple-converted-space>&nbsp;<\/SPAN><SPAN style=\"COLOR: rgb(38,38,38)\">dai toni intimi e drammatici, in cui voci nell\u2019oscurit\u00e0 narrano la miniera, la dignit\u00e0 nel lavoro e l\u2019irrefrenabile desiderio di poter lasciare qualcosa di buono ai figli. Alle ore 20:00, proiezione di<SPAN class=Apple-converted-space>&nbsp;<\/SPAN><\/SPAN><B><I><SPAN style=\"COLOR: red\">Le quattro volte<\/SPAN><\/I><\/B><SPAN style=\"COLOR: rgb(38,38,38)\"><SPAN class=Apple-converted-space>&nbsp;<\/SPAN>(2010 \u2013 88 minuti), di<SPAN class=Apple-converted-space>&nbsp;<\/SPAN><B>Michelangelo Frammartino<\/B>, che sar\u00e0 presente alla proiezione per rispondere alle domande del pubblico. Il<SPAN class=Apple-converted-space>&nbsp;<\/SPAN><\/SPAN>film vincitore del Nastro d\u2019Argento e presentato al Festival di Cannes (Premio Europa Cinemas Label) racconta&nbsp; quattro storie esemplari in un paesino calabro arroccato sulle montagne che fanno da sfondo alla riflessione sul rapporto tra la natura e l\u2019uomo, tra antichi riti e credenze pagane immutate nei secoli.&nbsp; A seguire, proiezione di<SPAN class=Apple-converted-space>&nbsp;<\/SPAN><B><I><SPAN style=\"COLOR: red\">Enter the void<\/SPAN><\/I><\/B><SPAN class=Apple-converted-space>&nbsp;<\/SPAN>(2009 \u2013 142 minuti), \"&gt;<\/spanstyle='color:red'>melodramma psichedelico<\/SPAN><\/I><SPAN style=\"FONT-FAMILY: 'Verdana','sans-serif'; COLOR: black\">\" ambientato a Tokyo e diretto dal regista-cult del nuovo cinema estremo, l\u2019argentino<\/SPAN><SPAN class=apple-converted-space><SPAN style=\"FONT-FAMILY: 'Verdana','sans-serif'; COLOR: black; mso-bidi-font-family: Arial\">&nbsp;<\/SPAN><\/SPAN><SPAN style=\"FONT-FAMILY: 'Verdana','sans-serif'; COLOR: black\">Gaspar No\u00e9.&nbsp; Il racconto di un viaggio dell\u2019anima di uno spacciatore nella transizione dalla vita alla morte, secondo le fasi del Libro Tibetano dei Morti.<u1:p><\/u1:p><\/spanstyle='font-family:\"arial\",\"sans-serif\";color:black'><\/spanstyle='font-family:\"arial\",\"sans-serif\";color:#4f6228'><\/spanstyle='font-family:\"arial\",\"sans-serif\";color:black'><\/spanstyle='font-family:\"arial\",\"sans-serif\";color:black'><\/SPAN><\/p>\n<p><SPAN style=\"FONT-FAMILY: 'Verdana','sans-serif'; COLOR: black\">A<\/SPAN><SPAN class=apple-converted-space><SPAN style=\"FONT-FAMILY: 'Verdana','sans-serif'; COLOR: black; mso-bidi-font-family: Arial\">&nbsp;<\/SPAN><\/SPAN><U><SPAN style=\"FONT-FAMILY: 'Verdana','sans-serif'; COLOR: #4f6228\">Carbonia<\/SPAN><\/U><spanstyle='font-family:\"arial\",\"sans-serif\";color:black'><SPAN style=\"FONT-FAMILY: 'Verdana','sans-serif'; COLOR: black\">, nella Grande Miniera Serbariu C.I.C.C. del Museo del Carbone, alle ore 14:00 si tiene il workshop tenuto da<SPAN class=apple-converted-space>&nbsp;<\/SPAN>Giuseppe Massaro, direttore di<SPAN class=apple-converted-space>&nbsp;<\/SPAN><spanstyle='font-family:\"arial\",\"sans-serif\";color:red'>Mediadesk ITALIA<\/spanstyle='font-family:\"arial\",\"sans-serif\";color:red'><spanstyle='font-family:\"arial\",\"sans-serif\";color:black'>,<SPAN class=apple-converted-space>&nbsp;<\/SPAN><spanstyle='font-family:\"arial\",\"sans-serif\"'>dal titolo<SPAN class=apple-converted-space>&nbsp;<\/SPAN><I>Nuove tecnologie, Fondo di Garanzia alla Produzione e Festival: MEDIA tra innovazione e tradizione. Aspettando \u201cCreative Europe\u201d, il futuro del Programma<\/I>.<\/SPAN><\/p>\n<p><SPAN style=\"FONT-FAMILY: 'Verdana','sans-serif'; COLOR: black\">A seguire, alle ore 16:00, proiezione<SPAN class=apple-converted-space>&nbsp;<\/SPAN>a ingresso gratuito fino ad esaurimento posti dell\u2019anteprima di<SPAN class=apple-converted-space>&nbsp;<\/SPAN><I><spanstyle='color:red'>Abendland<SPAN class=apple-converted-space><B>&nbsp;<\/B><\/SPAN><\/spanstyle='color:red'><\/I>(2001 \u2013 90 minuti), diretto dal documentarista austriaco<SPAN class=apple-converted-space>&nbsp;<\/SPAN>Nikolaus Geyrhalter,&nbsp; l\u2019Europa di notte, vista come una terra al crepuscolo, nelle sue molteplici sfaccettature: la vita, la morte, la festa, in una Babele di linguaggi e traduzioni. Alle ore 17:30, proiezione del documentario sul torneo di calcio storico fiorentino,<SPAN class=apple-converted-space>&nbsp;<\/SPAN><\/SPAN><I><SPAN style=\"FONT-FAMILY: 'Verdana','sans-serif'; COLOR: red\">Florence Fight Club<\/SPAN><\/I><SPAN class=apple-converted-space><SPAN style=\"FONT-FAMILY: 'Verdana','sans-serif'; COLOR: black\">&nbsp;<\/SPAN><\/SPAN><SPAN style=\"FONT-FAMILY: 'Verdana','sans-serif'; COLOR: black\">(2010 \u2013 81 minuti), di<SPAN class=apple-converted-space>&nbsp;<\/SPAN>Luigi Maria Perotti, che sar\u00e0 presente alla proiezione con il produttore<SPAN class=apple-converted-space>&nbsp;<\/SPAN>Alessandro Perozzi<SPAN class=apple-converted-space>&nbsp;<\/SPAN>per rispondere a domande e curiosit\u00e0 del pubblico. Il documentario \u00e8&nbsp; la storia di quattro uomini&nbsp; che decidono di affrontare le loro paure ed entrare nel pi\u00f9 antico<SPAN class=apple-converted-space>&nbsp;<\/SPAN><I>fight club<\/I><SPAN class=apple-converted-space>&nbsp;<\/SPAN>della storia, il torneo di calcio storico fiorentino. Hanno tutto da perdere e nulla da guadagnare, ma quello che li accomuna \u00e8 il fascino dell'arena e il desiderio di essere eroi, almeno per un giorno.<\/SPAN><u1:p><\/u1:p><\/spanstyle='font-family:\"arial\",\"sans-serif\"'><\/spanstyle='font-family:\"arial\",\"sans-serif\";color:black'><\/spanstyle='font-family:\"arial\",\"sans-serif\";color:black'><\/p>\n<p><SPAN style=\"FONT-FAMILY: 'Verdana','sans-serif'; COLOR: black\">Le proiezioni delle diverse sezioni del festival e le masterclass del festival sono a<\/SPAN><SPAN class=apple-converted-space><B><SPAN style=\"FONT-FAMILY: 'Verdana','sans-serif'; COLOR: black; mso-bidi-font-family: Arial\">&nbsp;<\/SPAN><\/B><\/SPAN><SPAN style=\"FONT-FAMILY: 'Verdana','sans-serif'; COLOR: red\">entrata gratuita<\/SPAN><SPAN class=apple-converted-space><B><SPAN style=\"FONT-FAMILY: 'Verdana','sans-serif'; COLOR: red; mso-bidi-font-family: Arial\">&nbsp;<\/SPAN><\/B><\/SPAN><SPAN style=\"FONT-FAMILY: 'Verdana','sans-serif'; COLOR: black\">fino ad esaurimento posti. Com<\/SPAN><\/p>\n","protected":false},"excerpt":{"rendered":"<p>Programma del secondo giorno&nbsp;&#8211; Il documentario sul calcio storico fiorentino, la masterclass di regia di Michelangelo Frammartino e di produzione Mediadesk ITALIA, l\u2019omaggio di Gianluca&#8230;<\/p>\n","protected":false},"author":2,"featured_media":0,"comment_status":"closed","ping_status":"closed","sticky":false,"template":"","format":"standard","meta":[],"categories":[49],"tags":[],"_links":{"self":[{"href":"https:\/\/www.cronacaonline.it\/index.php\/wp-json\/wp\/v2\/posts\/87584"}],"collection":[{"href":"https:\/\/www.cronacaonline.it\/index.php\/wp-json\/wp\/v2\/posts"}],"about":[{"href":"https:\/\/www.cronacaonline.it\/index.php\/wp-json\/wp\/v2\/types\/post"}],"author":[{"embeddable":true,"href":"https:\/\/www.cronacaonline.it\/index.php\/wp-json\/wp\/v2\/users\/2"}],"replies":[{"embeddable":true,"href":"https:\/\/www.cronacaonline.it\/index.php\/wp-json\/wp\/v2\/comments?post=87584"}],"version-history":[{"count":0,"href":"https:\/\/www.cronacaonline.it\/index.php\/wp-json\/wp\/v2\/posts\/87584\/revisions"}],"wp:attachment":[{"href":"https:\/\/www.cronacaonline.it\/index.php\/wp-json\/wp\/v2\/media?parent=87584"}],"wp:term":[{"taxonomy":"category","embeddable":true,"href":"https:\/\/www.cronacaonline.it\/index.php\/wp-json\/wp\/v2\/categories?post=87584"},{"taxonomy":"post_tag","embeddable":true,"href":"https:\/\/www.cronacaonline.it\/index.php\/wp-json\/wp\/v2\/tags?post=87584"}],"curies":[{"name":"wp","href":"https:\/\/api.w.org\/{rel}","templated":true}]}}