{"id":87574,"date":"2012-03-05T15:14:00","date_gmt":"2012-03-05T14:14:00","guid":{"rendered":"http:\/\/www.cronacaonline.it\/public\/content\/index.php\/05\/03\/2012\/precisazione-dellasl-sulla-riorganizzazione-dei-servizi-sanitari-ospedalieri-e-distrettuali-di-sorgono"},"modified":"2012-03-05T15:14:00","modified_gmt":"2012-03-05T14:14:00","slug":"precisazione-dellasl-sulla-riorganizzazione-dei-servizi-sanitari-ospedalieri-e-distrettuali-di-sorgono","status":"publish","type":"post","link":"https:\/\/www.cronacaonline.it\/index.php\/2012\/03\/05\/precisazione-dellasl-sulla-riorganizzazione-dei-servizi-sanitari-ospedalieri-e-distrettuali-di-sorgono\/","title":{"rendered":"Precisazione dell\u2019Asl sulla riorganizzazione dei servizi sanitari ospedalieri e distrettuali di sorgono"},"content":{"rendered":"<p><SPAN style=\"FONT-FAMILY: 'Verdana','sans-serif'; mso-fareast-font-family: 'Arial Unicode MS'; mso-bidi-font-family: 'Arial Unicode MS'\">In riferimento agli articoli apparsi sulla stampa in merito alle presunte irregolarit\u00e0 nella<SPAN style=\"mso-spacerun: yes\">&nbsp; <\/SPAN>dismissione di beni nel Presidio Ospedaliero San Camillo di Sorgono, l\u2019Azienda Sanitaria di Nuoro intende precisare quanto segue:<\/SPAN><\/p>\n<p><SPAN style=\"FONT-FAMILY: 'Verdana','sans-serif'; mso-fareast-font-family: 'Arial Unicode MS'; mso-bidi-font-family: 'Arial Unicode MS'\">Nell'Ospedale San Camillo e nei Servizi Distrettuali \u00e8 in atto una riorganizzazione funzionale che comprende anche una ridistribuzione degli spazi, che permetter\u00e0 di ovviare ai problemi pi\u00f9 rilevanti presenti nel territorio. Obiettivo di questa riorganizzazione \u00e8, primariamente, la sicurezza delle strutture, nonch\u00e9 una maggiore fruibilit\u00e0 e continuit\u00e0 dei servizi al cittadino, con l\u2019integrazione di tutte le professionalit\u00e0 presenti.<\/SPAN><\/p>\n<p><SPAN style=\"FONT-FAMILY: 'Verdana','sans-serif'; mso-fareast-font-family: 'Arial Unicode MS'; mso-bidi-font-family: 'Arial Unicode MS'\">Il Poliambulatorio Distrettuale verr\u00e0 inserito all\u2019interno del Presidio Ospedaliero, al terzo piano, completamente ristrutturato, per cui gli specialisti saranno a disposizione anche dei pazienti ricoverati e, viceversa, i medici ospedalieri saranno a disposizione dell\u2019utenza territoriale. La consegna dei locali \u00e8 prevista entro il mese di marzo. Con lo stesso obiettivo vengono unificate la Farmacia Ospedaliera e quella Territoriale.<\/SPAN><\/p>\n<p><SPAN style=\"FONT-FAMILY: 'Verdana','sans-serif'; mso-fareast-font-family: 'Arial Unicode MS'; mso-bidi-font-family: 'Arial Unicode MS'\">Verranno accorpati nei locali del Pronto Soccorso adeguatamente ristrutturati il Servizi del 118 e di Guardia Medica.<\/SPAN><\/p>\n<p><SPAN style=\"FONT-FAMILY: 'Verdana','sans-serif'; mso-fareast-font-family: 'Arial Unicode MS'; mso-bidi-font-family: 'Arial Unicode MS'\">Questa ridistribuzione degli spazi \u00e8, tra l\u2019altro, necessaria per permettere l\u2019avvio dei lavori di ristrutturazione relativi all\u2019ex articolo 20, Legge 67\/88, e degli interventi previsti nel Project Finance, che consentiranno un ampliamento e un\u2019ulteriore ottimizzazione dei servizi sanitari, salvaguardando gli aspetti igienico sanitari.<\/SPAN><\/p>\n<p><SPAN style=\"FONT-FAMILY: 'Verdana','sans-serif'; mso-fareast-font-family: 'Arial Unicode MS'; mso-bidi-font-family: 'Arial Unicode MS'\">Di non secondaria importanza la riduzione delle spese correnti relative ai canoni di locazione e di gestione attualmente sostenuti per alcuni servizi - Igiene Pubblica, Servizi Veterinari, Consultorio e Ser.D. -, che verranno trasferiti in locali di propriet\u00e0 della ASL.<\/SPAN><\/p>\n<p><SPAN style=\"FONT-FAMILY: 'Verdana','sans-serif'; mso-fareast-font-family: 'Arial Unicode MS'; mso-bidi-font-family: 'Arial Unicode MS'\">In tutte le attivit\u00e0 messe in atto sono state rispettate le procedure previste dai regolamenti della ASL e dalle norme vigenti.Com<\/SPAN><\/p>\n","protected":false},"excerpt":{"rendered":"<p>In riferimento agli articoli apparsi sulla stampa in merito alle presunte irregolarit\u00e0 nella&nbsp; dismissione di beni nel Presidio Ospedaliero San Camillo di Sorgono, l\u2019Azienda Sanitaria&#8230;<\/p>\n","protected":false},"author":2,"featured_media":0,"comment_status":"closed","ping_status":"closed","sticky":false,"template":"","format":"standard","meta":[],"categories":[49],"tags":[],"_links":{"self":[{"href":"https:\/\/www.cronacaonline.it\/index.php\/wp-json\/wp\/v2\/posts\/87574"}],"collection":[{"href":"https:\/\/www.cronacaonline.it\/index.php\/wp-json\/wp\/v2\/posts"}],"about":[{"href":"https:\/\/www.cronacaonline.it\/index.php\/wp-json\/wp\/v2\/types\/post"}],"author":[{"embeddable":true,"href":"https:\/\/www.cronacaonline.it\/index.php\/wp-json\/wp\/v2\/users\/2"}],"replies":[{"embeddable":true,"href":"https:\/\/www.cronacaonline.it\/index.php\/wp-json\/wp\/v2\/comments?post=87574"}],"version-history":[{"count":0,"href":"https:\/\/www.cronacaonline.it\/index.php\/wp-json\/wp\/v2\/posts\/87574\/revisions"}],"wp:attachment":[{"href":"https:\/\/www.cronacaonline.it\/index.php\/wp-json\/wp\/v2\/media?parent=87574"}],"wp:term":[{"taxonomy":"category","embeddable":true,"href":"https:\/\/www.cronacaonline.it\/index.php\/wp-json\/wp\/v2\/categories?post=87574"},{"taxonomy":"post_tag","embeddable":true,"href":"https:\/\/www.cronacaonline.it\/index.php\/wp-json\/wp\/v2\/tags?post=87574"}],"curies":[{"name":"wp","href":"https:\/\/api.w.org\/{rel}","templated":true}]}}