{"id":87564,"date":"2012-03-18T15:14:00","date_gmt":"2012-03-18T14:14:00","guid":{"rendered":"http:\/\/www.cronacaonline.it\/public\/content\/index.php\/18\/03\/2012\/rapiti-due-italiani-in-india-la-notizia-e-stata-confermata-oggi-dalla-farnesina"},"modified":"2012-03-18T15:14:00","modified_gmt":"2012-03-18T14:14:00","slug":"rapiti-due-italiani-in-india-la-notizia-e-stata-confermata-oggi-dalla-farnesina","status":"publish","type":"post","link":"https:\/\/www.cronacaonline.it\/index.php\/2012\/03\/18\/rapiti-due-italiani-in-india-la-notizia-e-stata-confermata-oggi-dalla-farnesina\/","title":{"rendered":"Rapiti due italiani in India: la notizia \u00e8 stata confermata oggi dalla Farnesina."},"content":{"rendered":"<p><SPAN style=\"LINE-HEIGHT: 115%; FONT-FAMILY: 'Verdana','sans-serif'; FONT-SIZE: 12pt\">Secondo il sito della tv indiana Ndtv, i due italiani, Paolo Bosusco e Claudio Colangelo, sono stati rapiti mentre facevano foto di donne locali presso un fiume. Il gruppo maoista che li avrebbe rapiti, prosegue la tv, avrebbe avanzato tra le richieste, quella del rilascio dei prigionieri politici e lo stop all'operazione Greenhunt, offensiva delle truppe governative contro di loro. E' la prima volta che i maoisti sequestrano turisti stranieri.<\/SPAN><\/p>\n<p><SPAN style=\"LINE-HEIGHT: 115%; FONT-FAMILY: 'Verdana','sans-serif'; FONT-SIZE: 12pt\">Paolo Bosusco ha 54 anni e, quando \u00e8 in Italia, vive a Condove (Torino) in una casetta della borgata montana di Pralesio. Da novembre a giugno, invece, lavora, nella citt\u00e0 indiana di Puri, dove \u00e8 titolare di un'agenzia di viaggi online, l'Orissa Adventurous Trekking, specializzata in escursioni presso le trib\u00f9 primitive della regione.<\/SPAN><\/p>\n<p><SPAN style=\"LINE-HEIGHT: 115%; FONT-FAMILY: 'Verdana','sans-serif'; FONT-SIZE: 12pt\"><SPAN style=\"mso-spacerun: yes\">&nbsp;<\/SPAN>Il padre di Bosusco, Azelio, ha 89 anni&nbsp;e vive a Torino anche se, nei mesi estivi, sta con il figlio a Condove. \"Sono disperato, mi chiedo ancora se quello che \u00e8 successo a mio figlio \u00e8 vero o no\", ha detto&nbsp;il padre di Paolo. L'anziano ha difficolt\u00e0 di udito e colloquia con l'aiuto di una badante. \"Ho appreso del rapimento dal telegiornale - ha detto e ho capito che poteva trattarsi di mio figlio\". La conferma \u00e8 arrivata quando i Carabinieri hanno informato l'anziano e sua figlia Vanna, di 55 anni.<\/SPAN><\/p>\n<p><SPAN style=\"LINE-HEIGHT: 115%; FONT-FAMILY: 'Verdana','sans-serif'; FONT-SIZE: 12pt\">Di Paolo Colangelo al momento si sa solo che \u00e8 romano ed \u00e8 un turista.<\/SPAN><\/p>\n<p><SPAN style=\"LINE-HEIGHT: 115%; FONT-FAMILY: 'Verdana','sans-serif'; FONT-SIZE: 12pt\">Il capo del governo dell'Orissa Naveen Patnaik ha lanciato un appello ai rapitori in cui si dice aperto a negoziati e colloqui a condizione che i due italiani rapiti siano rilasciati immediatamente incolumi.<\/SPAN><\/p>\n<p><SPAN style=\"LINE-HEIGHT: 115%; FONT-FAMILY: 'Verdana','sans-serif'; FONT-SIZE: 12pt\">Fin da ieri sera l'unit\u00e0 di crisi \u00e0 stata in contatto con il console generale a Calcutta Joel Melchiori che ha operato in collaborazione con la polizia locale per aver conferma del rapimento. Il console si sta recando sul posto.<\/SPAN><\/p>\n<p><SPAN style=\"LINE-HEIGHT: 115%; FONT-FAMILY: 'Verdana','sans-serif'; FONT-SIZE: 12pt\">La conferma \u00e8 stata data dal sovrintendente della polizia Jaynarayan Pankaj, il quale ha precisato che Surada si trova nel distretto di Ganjam, proprio al confine con quello di Kandhamal.<\/SPAN><\/p>\n<p><SPAN style=\"LINE-HEIGHT: 115%; FONT-FAMILY: 'Verdana','sans-serif'; FONT-SIZE: 12pt\">L'ufficiale ha detto che sono state sequestrate quattro persone, due di esse indiani residenti a Puri che sono stati rilasciati.<\/SPAN><\/p>\n<p><SPAN style=\"LINE-HEIGHT: 115%; FONT-FAMILY: 'Verdana','sans-serif'; FONT-SIZE: 12pt\"><\/SPAN>&nbsp;<\/p>\n","protected":false},"excerpt":{"rendered":"<p>Secondo il sito della tv indiana Ndtv, i due italiani, Paolo Bosusco e Claudio Colangelo, sono stati rapiti mentre facevano foto di donne locali presso&#8230;<\/p>\n","protected":false},"author":2,"featured_media":0,"comment_status":"closed","ping_status":"closed","sticky":false,"template":"","format":"standard","meta":[],"categories":[49],"tags":[],"_links":{"self":[{"href":"https:\/\/www.cronacaonline.it\/index.php\/wp-json\/wp\/v2\/posts\/87564"}],"collection":[{"href":"https:\/\/www.cronacaonline.it\/index.php\/wp-json\/wp\/v2\/posts"}],"about":[{"href":"https:\/\/www.cronacaonline.it\/index.php\/wp-json\/wp\/v2\/types\/post"}],"author":[{"embeddable":true,"href":"https:\/\/www.cronacaonline.it\/index.php\/wp-json\/wp\/v2\/users\/2"}],"replies":[{"embeddable":true,"href":"https:\/\/www.cronacaonline.it\/index.php\/wp-json\/wp\/v2\/comments?post=87564"}],"version-history":[{"count":0,"href":"https:\/\/www.cronacaonline.it\/index.php\/wp-json\/wp\/v2\/posts\/87564\/revisions"}],"wp:attachment":[{"href":"https:\/\/www.cronacaonline.it\/index.php\/wp-json\/wp\/v2\/media?parent=87564"}],"wp:term":[{"taxonomy":"category","embeddable":true,"href":"https:\/\/www.cronacaonline.it\/index.php\/wp-json\/wp\/v2\/categories?post=87564"},{"taxonomy":"post_tag","embeddable":true,"href":"https:\/\/www.cronacaonline.it\/index.php\/wp-json\/wp\/v2\/tags?post=87564"}],"curies":[{"name":"wp","href":"https:\/\/api.w.org\/{rel}","templated":true}]}}