{"id":87556,"date":"2012-03-22T15:14:00","date_gmt":"2012-03-22T14:14:00","guid":{"rendered":"http:\/\/www.cronacaonline.it\/public\/content\/index.php\/22\/03\/2012\/arbatax-assessore-zedda-lavoriamo-su-ipotesi-concrete-e-non-su-miraggi"},"modified":"2012-03-22T15:14:00","modified_gmt":"2012-03-22T14:14:00","slug":"arbatax-assessore-zedda-lavoriamo-su-ipotesi-concrete-e-non-su-miraggi","status":"publish","type":"post","link":"https:\/\/www.cronacaonline.it\/index.php\/2012\/03\/22\/arbatax-assessore-zedda-lavoriamo-su-ipotesi-concrete-e-non-su-miraggi\/","title":{"rendered":"Arbatax, assessore Zedda \u201clavoriamo su ipotesi concrete e non su miraggi\u201d"},"content":{"rendered":"<p>\u201cLe scelte del passato si sono tutterivelate un bluff, anche perch\u00e9 le societ\u00e0 di cui di volta in voltasi \u00e8 parlato non hanno mai tradotto in concreto gli annunci\u201d. Cos\u00ecl\u2019assessore dell\u2019Industria, Alessandra Zedda, replica aiconsiglieri del centro-sinistra che stamane hanno presentato unamozione sulla riqualificazione della cartiera di Arbatax. <\/p>\n<p>\u201cNel 2011 \u2013 ha aggiunto l\u2019assessore- abbiamo sottoscritto un accordo che fissa gli impegni specifici diciascuno dei soggetti coinvolti e avviato la procedura perriacquisizione di Sarind da parte della Regione, che si concluder\u00e0nel giugno 2012. In questo modo restituiremo alle comunit\u00e0interessate la possibilit\u00e0 di decidere il proprio futuro. Lavoriamosu ipotesi concrete \u2013 ha concluso Alessandra Zedda - e non sumiraggi come quello di Azimut\u201d.Com<\/p>\n","protected":false},"excerpt":{"rendered":"<p>\u201cLe scelte del passato si sono tutterivelate un bluff, anche perch\u00e9 le societ\u00e0 di cui di volta in voltasi \u00e8 parlato non hanno mai tradotto&#8230;<\/p>\n","protected":false},"author":2,"featured_media":0,"comment_status":"closed","ping_status":"closed","sticky":false,"template":"","format":"standard","meta":[],"categories":[49],"tags":[],"_links":{"self":[{"href":"https:\/\/www.cronacaonline.it\/index.php\/wp-json\/wp\/v2\/posts\/87556"}],"collection":[{"href":"https:\/\/www.cronacaonline.it\/index.php\/wp-json\/wp\/v2\/posts"}],"about":[{"href":"https:\/\/www.cronacaonline.it\/index.php\/wp-json\/wp\/v2\/types\/post"}],"author":[{"embeddable":true,"href":"https:\/\/www.cronacaonline.it\/index.php\/wp-json\/wp\/v2\/users\/2"}],"replies":[{"embeddable":true,"href":"https:\/\/www.cronacaonline.it\/index.php\/wp-json\/wp\/v2\/comments?post=87556"}],"version-history":[{"count":0,"href":"https:\/\/www.cronacaonline.it\/index.php\/wp-json\/wp\/v2\/posts\/87556\/revisions"}],"wp:attachment":[{"href":"https:\/\/www.cronacaonline.it\/index.php\/wp-json\/wp\/v2\/media?parent=87556"}],"wp:term":[{"taxonomy":"category","embeddable":true,"href":"https:\/\/www.cronacaonline.it\/index.php\/wp-json\/wp\/v2\/categories?post=87556"},{"taxonomy":"post_tag","embeddable":true,"href":"https:\/\/www.cronacaonline.it\/index.php\/wp-json\/wp\/v2\/tags?post=87556"}],"curies":[{"name":"wp","href":"https:\/\/api.w.org\/{rel}","templated":true}]}}