{"id":87536,"date":"2012-03-09T15:14:00","date_gmt":"2012-03-09T14:14:00","guid":{"rendered":"http:\/\/www.cronacaonline.it\/public\/content\/index.php\/09\/03\/2012\/formazione-a-vienna-firmato-accordo-per-master-internazionale"},"modified":"2012-03-09T15:14:00","modified_gmt":"2012-03-09T14:14:00","slug":"formazione-a-vienna-firmato-accordo-per-master-internazionale","status":"publish","type":"post","link":"https:\/\/www.cronacaonline.it\/index.php\/2012\/03\/09\/formazione-a-vienna-firmato-accordo-per-master-internazionale\/","title":{"rendered":"Formazione: a Vienna, firmato accordo per master internazionale"},"content":{"rendered":"<p><P style=\"MARGIN: 0cm 0cm 10pt\" class=MsoNormal><B><SPAN style=\"FONT-FAMILY: 'Verdana','sans-serif'; mso-fareast-language: IT\"><\/SPAN><\/B><\/p>\n<p><SPAN style=\"FONT-FAMILY: 'Verdana','sans-serif'; mso-fareast-language: IT\">\u201cL'alta formazione post universitaria \u00e8 strumento idoneo a favorire la qualificazione e lo sviluppo della nostra Isola \u2013 ha sottolineato l\u2019assessore Liori \u2013 Perci\u00f2, la Regione \u00e8 impegnata nel predisporre un adeguato programma, studiando e creando percorsi virtuosi insieme alle Istituzioni universitarie, e vuole svolgere un ruolo da protagonista, non pi\u00f9 semplicemente come ente erogatore di fondi. Ci poniamo come soggetto in grado di programmare ed organizzare percorsi di AF, in partenariato, non solo con le universit\u00e0 sarde, ma, come nel caso di Vienna, anche con le pi\u00f9 prestigiose universit\u00e0 nazionali ed internazionali.\u201d<\/SPAN><\/p>\n<p><SPAN style=\"FONT-FAMILY: 'Verdana','sans-serif'; mso-fareast-language: IT\">Il Master verter\u00e0 sulla ricerca per individuare come la Sardegna possa raggiungere l'obiettivo del \u2018CO2.zero\u2019, cio\u00e8 produrre, in linea con quanto stabilito dall'Unione Europea, almeno il 20% di energia da fonti rinnovabili entro il 2020 e di arrivare al traguardo del 35% entro il 2030,&nbsp;concentrando lo studio specialmente intorno all'area metropolitana di Cagliari: Anche evidenziando come la differenza del territorio sardo possa essere una risorsa in tema di energie alternative e di sostenibilit\u00e0.<\/SPAN><\/p>\n<p><SPAN style=\"FONT-FAMILY: 'Verdana','sans-serif'; mso-fareast-language: IT\">\u201cAl fine di elevare la competitivit\u00e0 del sistema economico della Sardegna - ha aggiunto Liori \u2013&nbsp; Il programma che stiamo completando \u00e8 di assoluto valore nazionale ed internazionale, accrescendo l\u2019offerta formativa post laurea e realizzando un adeguato utilizzo delle risorse. Un\u2019iniziativa importante per migliorare competenze e professionalit\u00e0 nei settori strategici e per incrementare la conoscenza in una prospettiva di integrazione e di crescita del potere attrattivo nel contesto economico e culturale europeo ed internazionale\u201d. Com<\/SPAN><\/p>\n","protected":false},"excerpt":{"rendered":"<p>\u201cL&#8217;alta formazione post universitaria \u00e8 strumento idoneo a favorire la qualificazione e lo sviluppo della nostra Isola \u2013 ha sottolineato l\u2019assessore Liori \u2013 Perci\u00f2, la&#8230;<\/p>\n","protected":false},"author":2,"featured_media":0,"comment_status":"closed","ping_status":"closed","sticky":false,"template":"","format":"standard","meta":[],"categories":[49],"tags":[],"_links":{"self":[{"href":"https:\/\/www.cronacaonline.it\/index.php\/wp-json\/wp\/v2\/posts\/87536"}],"collection":[{"href":"https:\/\/www.cronacaonline.it\/index.php\/wp-json\/wp\/v2\/posts"}],"about":[{"href":"https:\/\/www.cronacaonline.it\/index.php\/wp-json\/wp\/v2\/types\/post"}],"author":[{"embeddable":true,"href":"https:\/\/www.cronacaonline.it\/index.php\/wp-json\/wp\/v2\/users\/2"}],"replies":[{"embeddable":true,"href":"https:\/\/www.cronacaonline.it\/index.php\/wp-json\/wp\/v2\/comments?post=87536"}],"version-history":[{"count":0,"href":"https:\/\/www.cronacaonline.it\/index.php\/wp-json\/wp\/v2\/posts\/87536\/revisions"}],"wp:attachment":[{"href":"https:\/\/www.cronacaonline.it\/index.php\/wp-json\/wp\/v2\/media?parent=87536"}],"wp:term":[{"taxonomy":"category","embeddable":true,"href":"https:\/\/www.cronacaonline.it\/index.php\/wp-json\/wp\/v2\/categories?post=87536"},{"taxonomy":"post_tag","embeddable":true,"href":"https:\/\/www.cronacaonline.it\/index.php\/wp-json\/wp\/v2\/tags?post=87536"}],"curies":[{"name":"wp","href":"https:\/\/api.w.org\/{rel}","templated":true}]}}