{"id":87506,"date":"2012-03-23T15:14:00","date_gmt":"2012-03-23T14:14:00","guid":{"rendered":"http:\/\/www.cronacaonline.it\/public\/content\/index.php\/23\/03\/2012\/formazione--assessore-lavoro-regione-sardegna-liori-alta-formazione-per-favorire-qualificazione-e-sviluppo"},"modified":"2012-03-23T15:14:00","modified_gmt":"2012-03-23T14:14:00","slug":"formazione-assessore-lavoro-regione-sardegna-liori-alta-formazione-per-favorire-qualificazione-e-sviluppo","status":"publish","type":"post","link":"https:\/\/www.cronacaonline.it\/index.php\/2012\/03\/23\/formazione-assessore-lavoro-regione-sardegna-liori-alta-formazione-per-favorire-qualificazione-e-sviluppo\/","title":{"rendered":"Formazione \u2013 Assessore Lavoro Regione Sardegna Liori: &#8216;Alta formazione per favorire qualificazione e sviluppo&#8217;"},"content":{"rendered":"<p>\"L'Alta formazione \u00e8 strumento idoneo a favorire laqualificazione e lo sviluppo della nostra Isola, perci\u00f2 la Regione hapredisposto un adeguato programma, studiando e creando percorsi virtuosiinsieme ad alcune Istituzioni universitarie, al fine di accrescere lecompetenze del proprio capitale umano.\" Lo ha detto l'assessore AntonelloLiori, al Centro regionale di formazione professionale di Cagliari, durantel'inaugurazione del master sul \u201cMiglioramento delle performance degli entiterritoriali\u201d, promosso dall\u2019Assessorato del Lavoro, in collaborazione conl\u2019Universit\u00e0 di Ferrara, centro di eccellenza scientifica e didattica sui temidell\u2019innovazione della Pubblica Amministrazione.<\/p>\n<p>\u201cIl master \u2018Perf.Et\u2019 ha l\u2019obiettivo di formareprofessionalit\u00e0 specialistiche nuove, affrontando il tema del miglioramentodelle performance degli enti pubblici - ha spiegato l\u2019assessore Liori - Questainiziativa rientra nel programma dei \u201cMaster in Sardegna\u201d, che vede la Regionecon&nbsp;&nbsp;un ruolo da protagonista, non pi\u00f9 semplicemente come enteerogatore di fondi, ma come soggetto in grado di programmare ed organizzarepercorsi di AF, in partenariato non solo con le universit\u00e0 sarde, ma anche conle pi\u00f9 prestigiose universit\u00e0 nazionali ed internazionali.<\/p>\n<p>\u201cUn\u2019iniziativa formativa dalle tematiche quanto maiattuali \u2013 ha detto Enrico Deidda Gagliardo, direttore del Master e docenteall\u2019Universit\u00e0 di Ferrara - In un\u2019Isola nella quale il miglioramento deiservizi pubblici \u00e8 da sempre crocevia e volano per la crescita economica esociale dei territori\u201d.&nbsp;<\/p>\n","protected":false},"excerpt":{"rendered":"<p>&#8220;L&#8217;Alta formazione \u00e8 strumento idoneo a favorire laqualificazione e lo sviluppo della nostra Isola, perci\u00f2 la Regione hapredisposto un adeguato programma, studiando e creando percorsi&#8230;<\/p>\n","protected":false},"author":2,"featured_media":0,"comment_status":"closed","ping_status":"closed","sticky":false,"template":"","format":"standard","meta":[],"categories":[49],"tags":[],"_links":{"self":[{"href":"https:\/\/www.cronacaonline.it\/index.php\/wp-json\/wp\/v2\/posts\/87506"}],"collection":[{"href":"https:\/\/www.cronacaonline.it\/index.php\/wp-json\/wp\/v2\/posts"}],"about":[{"href":"https:\/\/www.cronacaonline.it\/index.php\/wp-json\/wp\/v2\/types\/post"}],"author":[{"embeddable":true,"href":"https:\/\/www.cronacaonline.it\/index.php\/wp-json\/wp\/v2\/users\/2"}],"replies":[{"embeddable":true,"href":"https:\/\/www.cronacaonline.it\/index.php\/wp-json\/wp\/v2\/comments?post=87506"}],"version-history":[{"count":0,"href":"https:\/\/www.cronacaonline.it\/index.php\/wp-json\/wp\/v2\/posts\/87506\/revisions"}],"wp:attachment":[{"href":"https:\/\/www.cronacaonline.it\/index.php\/wp-json\/wp\/v2\/media?parent=87506"}],"wp:term":[{"taxonomy":"category","embeddable":true,"href":"https:\/\/www.cronacaonline.it\/index.php\/wp-json\/wp\/v2\/categories?post=87506"},{"taxonomy":"post_tag","embeddable":true,"href":"https:\/\/www.cronacaonline.it\/index.php\/wp-json\/wp\/v2\/tags?post=87506"}],"curies":[{"name":"wp","href":"https:\/\/api.w.org\/{rel}","templated":true}]}}