{"id":87495,"date":"2012-03-12T15:14:00","date_gmt":"2012-03-12T14:14:00","guid":{"rendered":"http:\/\/www.cronacaonline.it\/public\/content\/index.php\/12\/03\/2012\/rinviata-la-commissione-cultura-lorganismo-consiliare-si-riunisce-mercoledi-alle-10"},"modified":"2012-03-12T15:14:00","modified_gmt":"2012-03-12T14:14:00","slug":"rinviata-la-commissione-cultura-lorganismo-consiliare-si-riunisce-mercoledi-alle-10","status":"publish","type":"post","link":"https:\/\/www.cronacaonline.it\/index.php\/2012\/03\/12\/rinviata-la-commissione-cultura-lorganismo-consiliare-si-riunisce-mercoledi-alle-10\/","title":{"rendered":"Rinviata la commissione Cultura. L\u2019organismo consiliare si riunisce mercoled\u00ec alle 10"},"content":{"rendered":"<p><SPAN style=\"FONT-FAMILY: 'Verdana','sans-serif'; mso-fareast-language: IT; mso-bidi-language: AR-SA\">E<\/SPAN><SPAN style=\"FONT-FAMILY: 'Verdana','sans-serif'; mso-bidi-font-family: Verdana; mso-fareast-language: IT; mso-bidi-language: AR-SA\">&#8217;<\/SPAN><SPAN style=\"FONT-FAMILY: 'Verdana','sans-serif'; mso-fareast-language: IT; mso-bidi-language: AR-SA\"> stata rinviata la seduta dell<\/SPAN><SPAN style=\"FONT-FAMILY: 'Verdana','sans-serif'; mso-bidi-font-family: Verdana; mso-fareast-language: IT; mso-bidi-language: AR-SA\">\u2019<\/SPAN><SPAN style=\"FONT-FAMILY: 'Verdana','sans-serif'; mso-fareast-language: IT; mso-bidi-language: AR-SA\">Ottava commissione Cultura, presieduta da Carlo Sanjust. L<\/SPAN><SPAN style=\"FONT-FAMILY: 'Verdana','sans-serif'; mso-bidi-font-family: Verdana; mso-fareast-language: IT; mso-bidi-language: AR-SA\">\u2019<\/SPAN><SPAN style=\"FONT-FAMILY: 'Verdana','sans-serif'; mso-fareast-language: IT; mso-bidi-language: AR-SA\">organismo consiliare, convocato per le ore 10 di marted\u00ec, si riunir\u00e0 mercoled\u00ec alla stessa ora.&nbsp;<\/SPAN><\/p>\n<p><SPAN style=\"FONT-FAMILY: 'Verdana','sans-serif'; mso-fareast-language: IT; mso-bidi-language: AR-SA\">All<\/SPAN><SPAN style=\"FONT-FAMILY: 'Verdana','sans-serif'; mso-bidi-font-family: Verdana; mso-fareast-language: IT; mso-bidi-language: AR-SA\">\u2019<\/SPAN><SPAN style=\"FONT-FAMILY: 'Verdana','sans-serif'; mso-fareast-language: IT; mso-bidi-language: AR-SA\">ordine del giorno il TU fondazione beni culturali, i PL sulle attivit\u00e0 motorie e il Piano di dimensionamento delle istituzioni scolastiche. I lavori proseguiranno nel pomeriggio e nella giornata successiva a partire dalle ore 10.&nbsp;<\/SPAN><SPAN style=\"FONT-FAMILY: 'Verdana','sans-serif'; mso-bidi-font-family: Arial; mso-fareast-language: IT; mso-bidi-language: AR-SA\"><\/SPAN><\/p>\n","protected":false},"excerpt":{"rendered":"<p>E&#8217; stata rinviata la seduta dell\u2019Ottava commissione Cultura, presieduta da Carlo Sanjust. L\u2019organismo consiliare, convocato per le ore 10 di marted\u00ec, si riunir\u00e0 mercoled\u00ec alla&#8230;<\/p>\n","protected":false},"author":2,"featured_media":0,"comment_status":"closed","ping_status":"closed","sticky":false,"template":"","format":"standard","meta":[],"categories":[49],"tags":[],"_links":{"self":[{"href":"https:\/\/www.cronacaonline.it\/index.php\/wp-json\/wp\/v2\/posts\/87495"}],"collection":[{"href":"https:\/\/www.cronacaonline.it\/index.php\/wp-json\/wp\/v2\/posts"}],"about":[{"href":"https:\/\/www.cronacaonline.it\/index.php\/wp-json\/wp\/v2\/types\/post"}],"author":[{"embeddable":true,"href":"https:\/\/www.cronacaonline.it\/index.php\/wp-json\/wp\/v2\/users\/2"}],"replies":[{"embeddable":true,"href":"https:\/\/www.cronacaonline.it\/index.php\/wp-json\/wp\/v2\/comments?post=87495"}],"version-history":[{"count":0,"href":"https:\/\/www.cronacaonline.it\/index.php\/wp-json\/wp\/v2\/posts\/87495\/revisions"}],"wp:attachment":[{"href":"https:\/\/www.cronacaonline.it\/index.php\/wp-json\/wp\/v2\/media?parent=87495"}],"wp:term":[{"taxonomy":"category","embeddable":true,"href":"https:\/\/www.cronacaonline.it\/index.php\/wp-json\/wp\/v2\/categories?post=87495"},{"taxonomy":"post_tag","embeddable":true,"href":"https:\/\/www.cronacaonline.it\/index.php\/wp-json\/wp\/v2\/tags?post=87495"}],"curies":[{"name":"wp","href":"https:\/\/api.w.org\/{rel}","templated":true}]}}