{"id":87492,"date":"2012-03-17T15:14:00","date_gmt":"2012-03-17T14:14:00","guid":{"rendered":"http:\/\/www.cronacaonline.it\/public\/content\/index.php\/17\/03\/2012\/vertenza-sardegna-presidente-cappellacci-preservare-apporto-forze-sociali-da-polemiche-piccola-politica"},"modified":"2012-03-17T15:14:00","modified_gmt":"2012-03-17T14:14:00","slug":"vertenza-sardegna-presidente-cappellacci-preservare-apporto-forze-sociali-da-polemiche-piccola-politica","status":"publish","type":"post","link":"https:\/\/www.cronacaonline.it\/index.php\/2012\/03\/17\/vertenza-sardegna-presidente-cappellacci-preservare-apporto-forze-sociali-da-polemiche-piccola-politica\/","title":{"rendered":"Vertenza Sardegna: Presidente Cappellacci, Preservare Apporto Forze Sociali Da Polemiche Piccola Politica."},"content":{"rendered":"<p><P style=\"MARGIN: 0cm 0cm 10pt\" class=MsoNormal><SPAN style=\"FONT-FAMILY: 'Verdana','sans-serif'; BACKGROUND: #fff1d4\"><\/SPAN><\/p>\n<p><SPAN style=\"LINE-HEIGHT: 115%; FONT-FAMILY: 'Verdana','sans-serif'; BACKGROUND: white; FONT-SIZE: 12pt\">\u201cSi dica chiaramente - ha aggiunto Cappellacci rivolgendosi al capogruppo del Partito Democratico - se si vuole andare avanti insieme o se si intende rompere. Con tutti coloro che vogliono ancora arruolarsi in un esercito che intende rappresentare gli interessi&nbsp;<\/SPAN><SPAN class=apple-converted-space><SPAN style=\"LINE-HEIGHT: 115%; FONT-FAMILY: 'Verdana','sans-serif'; BACKGROUND: white; COLOR: black; FONT-SIZE: 12pt; mso-bidi-font-family: Arial\">&nbsp;<\/SPAN><\/SPAN><SPAN style=\"LINE-HEIGHT: 115%; FONT-FAMILY: 'Verdana','sans-serif'; BACKGROUND: white; FONT-SIZE: 12pt\">della Sardegna e ottenere risultati e' mio dovere e responsabilit\u00e0 di presidente andare comunque avanti e dare seguito agli appelli, ai contributi e al desiderio di adoperarsi per trovare soluzioni ai mali della nostra terra. Sulla base di tali contributi integreremo le proposte finora avanzate\u201d. \u201cChi intende fare un percorso costruttivo \u00e8 ben accetto<\/SPAN><SPAN class=apple-converted-space><SPAN style=\"LINE-HEIGHT: 115%; FONT-FAMILY: 'Verdana','sans-serif'; BACKGROUND: white; COLOR: black; FONT-SIZE: 12pt; mso-bidi-font-family: Arial\">&nbsp;<\/SPAN><\/SPAN><SPAN style=\"LINE-HEIGHT: 115%; FONT-FAMILY: 'Verdana','sans-serif'; BACKGROUND: white; FONT-SIZE: 12pt\"><A href=\"javascript:mails_addtocal(1,%22oggi%22);\"><SPAN style=\"mso-bidi-font-family: Arial\"><FONT color=#0000ff>oggi<\/FONT><\/SPAN><\/A>, lo sar\u00e0<\/SPAN><SPAN class=apple-converted-space><SPAN style=\"LINE-HEIGHT: 115%; FONT-FAMILY: 'Verdana','sans-serif'; BACKGROUND: white; COLOR: black; FONT-SIZE: 12pt; mso-bidi-font-family: Arial\">&nbsp;<\/SPAN><\/SPAN><SPAN style=\"LINE-HEIGHT: 115%; FONT-FAMILY: 'Verdana','sans-serif'; BACKGROUND: white; FONT-SIZE: 12pt\"><A style=\"Z-INDEX: 500\" href=\"javascript:mails_addtocal(2,%22domani%22);\"><SPAN style=\"mso-bidi-font-family: Arial\"><FONT color=#0000ff>domani <\/FONT><\/SPAN><\/A>e lo sar\u00e0 sempre perch\u00e9 c'\u00e8 sempre tempo per la coesione. <\/SPAN><\/p>\n<p><SPAN style=\"LINE-HEIGHT: 115%; FONT-FAMILY: 'Verdana','sans-serif'; BACKGROUND: white; FONT-SIZE: 12pt\">Non ho alcuna remora - ha sottolineato, infine, il presidente riferendosi all'ordine del giorno presentato dai sardisti, considerato tra i documenti propositivi del dibattito - a sviluppare una discussione di un ordine del giorno se condurr\u00e0 a un esame puntuale dei rapporti con lo Stato e a un'azione che dobbiamo portare avanti nei confronti del Governo centrale. I quattro mori - ha concluso Cappellacci - non sono solo qualcosa che sta nel simbolo di un partito, ma un elemento della nostra coscienza, del nostro DNA. Siamo tutti sardisti e lo siamo per nascita\u201d.<\/SPAN><FONT face=Calibri> Com<\/FONT><\/SPAN><\/p>\n","protected":false},"excerpt":{"rendered":"<p>\u201cSi dica chiaramente &#8211; ha aggiunto Cappellacci rivolgendosi al capogruppo del Partito Democratico &#8211; se si vuole andare avanti insieme o se si intende rompere.&#8230;<\/p>\n","protected":false},"author":2,"featured_media":0,"comment_status":"closed","ping_status":"closed","sticky":false,"template":"","format":"standard","meta":[],"categories":[49],"tags":[],"_links":{"self":[{"href":"https:\/\/www.cronacaonline.it\/index.php\/wp-json\/wp\/v2\/posts\/87492"}],"collection":[{"href":"https:\/\/www.cronacaonline.it\/index.php\/wp-json\/wp\/v2\/posts"}],"about":[{"href":"https:\/\/www.cronacaonline.it\/index.php\/wp-json\/wp\/v2\/types\/post"}],"author":[{"embeddable":true,"href":"https:\/\/www.cronacaonline.it\/index.php\/wp-json\/wp\/v2\/users\/2"}],"replies":[{"embeddable":true,"href":"https:\/\/www.cronacaonline.it\/index.php\/wp-json\/wp\/v2\/comments?post=87492"}],"version-history":[{"count":0,"href":"https:\/\/www.cronacaonline.it\/index.php\/wp-json\/wp\/v2\/posts\/87492\/revisions"}],"wp:attachment":[{"href":"https:\/\/www.cronacaonline.it\/index.php\/wp-json\/wp\/v2\/media?parent=87492"}],"wp:term":[{"taxonomy":"category","embeddable":true,"href":"https:\/\/www.cronacaonline.it\/index.php\/wp-json\/wp\/v2\/categories?post=87492"},{"taxonomy":"post_tag","embeddable":true,"href":"https:\/\/www.cronacaonline.it\/index.php\/wp-json\/wp\/v2\/tags?post=87492"}],"curies":[{"name":"wp","href":"https:\/\/api.w.org\/{rel}","templated":true}]}}