{"id":87478,"date":"2012-03-24T15:14:00","date_gmt":"2012-03-24T14:14:00","guid":{"rendered":"http:\/\/www.cronacaonline.it\/public\/content\/index.php\/24\/03\/2012\/susanna-camusso-cgil-quelle-della-fornero-sono-lacrime-di-coccodrillo-il-ministro-aveva-detto-ce-un-po-di-rammarico-che-la-riforma-non-sia-condivisa-pienamente"},"modified":"2012-03-24T15:14:00","modified_gmt":"2012-03-24T14:14:00","slug":"susanna-camusso-cgil-quelle-della-fornero-sono-lacrime-di-coccodrillo-il-ministro-aveva-detto-ce-un-po-di-rammarico-che-la-riforma-non-sia-condivisa-pienamente","status":"publish","type":"post","link":"https:\/\/www.cronacaonline.it\/index.php\/2012\/03\/24\/susanna-camusso-cgil-quelle-della-fornero-sono-lacrime-di-coccodrillo-il-ministro-aveva-detto-ce-un-po-di-rammarico-che-la-riforma-non-sia-condivisa-pienamente\/","title":{"rendered":"Susanna Camusso (Cgil), quelle della Fornero sono lacrime di coccodrillo: il ministro aveva detto: &#8220;C&#8217;\u00e8 un po&#8217; di rammarico che la riforma non sia condivisa pienamente&#8221;"},"content":{"rendered":"<p>\"Le regole del mercato del lavoro non creano unposto di lavoro che sia uno\". Lo ha ribadito la leader della Cgil, SusannaCamusso, nel corso del suo intervento al Forum di Cernobbio. \"Da qui none' vero che viene la spinta alla crescita\", ha aggiunto, certo \"\u00e8utile regolare il mercato del lavoro e siamo i primi a dirlo ma la crescita la fannogli investimenti e le rigorose scelte politiche di indirizzo degliinvestimenti\".<\/p>\n<p>Il governo aggiunge Camusso ''aveva tutte le condizioniper non doversi rammaricare, quelle della Fornero le trovo un po\u2019 lacrime dicoccodrillo'' aggiunge il segretario generale della Cgil in merito alledichiarazioni del ministro del Welfare, Elsa Fornero, che si \u00e8 dettarammaricata per non avere avuto la piena condivisione.&nbsp;<\/p>\n<p>La scelta del ddl come forma legislativa per la riforma del lavoro, ha aggiuntoCamusso, \"ci permetter\u00e0 di proporre le nostre opinioni. Siamo di fronte aun governo che rende dispari i diritti, il che mi sembra l'opposto di un'ideadi coesione e unit\u00e0 del paese\". In particolare, attacca la Camusso,l'esecutivo \"non si occupa della crescita, il tema \u00e8 dove vogliamo portareil paese\".<\/p>\n<p>\"Si continua nell'idea che si pu\u00f2 dividere ilPaese''. Per il segretario generale della Cgil, Susanna Camusso, \u00e8 questo il''vulnus'' introdotto dal governo con l'approvazione da parte del Consiglio deiMinistri della riforma del mercato del lavoro. Dopo gli scioperi spontanei chenella giornata di ieri hanno accompagnato l'approvazione del provvedimento, lasindacalista sollecita da Cernobbio il governo a ''fare un bagno di realt\u00e0 ecapire perch\u00e9 ci sono state cos\u00ec tante tensioni nel Paese che saranno molteanche nel prossimo periodo\u201d. <\/p>\n<p>Nessun passo indietro sullo sciopero da 16 orepreannunciato dalla Cgil per dire no alla riforma del mercato del lavoro. Lo haassicurato il segretario generale Susanna Camusso precisando che dopo il vialibera del consiglio dei Ministri l'intenzione del sindacato \u00e8 ''semmai''quella di ''rafforzare'' il pacchetto di agitazioni.<\/p>\n","protected":false},"excerpt":{"rendered":"<p>&#8220;Le regole del mercato del lavoro non creano unposto di lavoro che sia uno&#8221;. Lo ha ribadito la leader della Cgil, SusannaCamusso, nel corso del&#8230;<\/p>\n","protected":false},"author":2,"featured_media":0,"comment_status":"closed","ping_status":"closed","sticky":false,"template":"","format":"standard","meta":[],"categories":[49],"tags":[],"_links":{"self":[{"href":"https:\/\/www.cronacaonline.it\/index.php\/wp-json\/wp\/v2\/posts\/87478"}],"collection":[{"href":"https:\/\/www.cronacaonline.it\/index.php\/wp-json\/wp\/v2\/posts"}],"about":[{"href":"https:\/\/www.cronacaonline.it\/index.php\/wp-json\/wp\/v2\/types\/post"}],"author":[{"embeddable":true,"href":"https:\/\/www.cronacaonline.it\/index.php\/wp-json\/wp\/v2\/users\/2"}],"replies":[{"embeddable":true,"href":"https:\/\/www.cronacaonline.it\/index.php\/wp-json\/wp\/v2\/comments?post=87478"}],"version-history":[{"count":0,"href":"https:\/\/www.cronacaonline.it\/index.php\/wp-json\/wp\/v2\/posts\/87478\/revisions"}],"wp:attachment":[{"href":"https:\/\/www.cronacaonline.it\/index.php\/wp-json\/wp\/v2\/media?parent=87478"}],"wp:term":[{"taxonomy":"category","embeddable":true,"href":"https:\/\/www.cronacaonline.it\/index.php\/wp-json\/wp\/v2\/categories?post=87478"},{"taxonomy":"post_tag","embeddable":true,"href":"https:\/\/www.cronacaonline.it\/index.php\/wp-json\/wp\/v2\/tags?post=87478"}],"curies":[{"name":"wp","href":"https:\/\/api.w.org\/{rel}","templated":true}]}}