{"id":87472,"date":"2012-02-24T15:14:00","date_gmt":"2012-02-24T14:14:00","guid":{"rendered":"http:\/\/www.cronacaonline.it\/public\/content\/index.php\/24\/02\/2012\/ue--ambiente-uggias-idvnecessario-sospendere-tutte-le-colture-ogm-porterebbero-a-rischi-importanti-per-lambiente-e-la-salute"},"modified":"2012-02-24T15:14:00","modified_gmt":"2012-02-24T14:14:00","slug":"ue-ambiente-uggias-idvnecessario-sospendere-tutte-le-colture-ogm-porterebbero-a-rischi-importanti-per-lambiente-e-la-salute","status":"publish","type":"post","link":"https:\/\/www.cronacaonline.it\/index.php\/2012\/02\/24\/ue-ambiente-uggias-idvnecessario-sospendere-tutte-le-colture-ogm-porterebbero-a-rischi-importanti-per-lambiente-e-la-salute\/","title":{"rendered":"UE \/ Ambiente: Uggias (IdV):&#8221;Necessario sospendere tutte le colture OGM, porterebbero a rischi importanti per l&#8217;ambiente e la salute&#8221;"},"content":{"rendered":"<p><SPAN style=\"LINE-HEIGHT: 115%; FONT-FAMILY: 'Verdana','sans-serif'; FONT-SIZE: 12pt\">\"E' necessario sospendere tutte le colture OGM in Europa, almeno fino a che non verranno trovati metodi efficaci per valutare il loro l'impatto ambientale e per la salute delle persone\". <\/SPAN><\/p>\n<p><SPAN style=\"LINE-HEIGHT: 115%; FONT-FAMILY: 'Verdana','sans-serif'; FONT-SIZE: 12pt\">Questo il commento di Giommaria Uggias, parlamentare europeo dell'Italia dei valori, a seguito dell'annuncio, marted\u00ec scorso, fatto dal ministero dell'Ecologia francese, nel quale il paese transalpino ha chiesto all'Unione europea di sospendere, con procedura d'urgenza, l'autorizzazione per la coltivazione del mais geneticamente modificato MON 810 del colosso Usa Monsanto.<\/SPAN><\/p>\n<p><SPAN style=\"LINE-HEIGHT: 115%; FONT-FAMILY: 'Verdana','sans-serif'; FONT-SIZE: 12pt\">Secondo una recente ricerca condotta dall'Autorit\u00e0 europea per la sicurezza alimentare (EFSA), la coltura di un altro tipo di mais geneticamente modificato, il BT11, che pu\u00f2 essere associato anche al MON 810, pone rischi significativi per l'ambiente.\"E' evidente che il procedimento di verifica dell'EFSA non garantisce l'oggettivit\u00e0 dell'indagine nel tutelare l'ambiente e la salute: la stessa autorit\u00e0 presupposta a valutare e verificare la salubrit\u00e0 delle colture OGM produce studi discordanti che di certo non fanno stare tranquilli\".<\/SPAN><\/p>\n<p><SPAN style=\"LINE-HEIGHT: 115%; FONT-FAMILY: 'Verdana','sans-serif'; FONT-SIZE: 12pt\">L'europarlamentare sardo si era gi\u00e0 rivolto, nel mese scorso, al Ministro italiano per l'Agricoltura Mario Catania, affinch\u00e9 quest'ultimo portasse avanti la battaglia contro gli OGM all'interno del Consiglio europeo. \"Rinnovo il mio invito al Consiglio per la ricezione della relazione Lapage, approvata nel luglio scorso dal Parlamento europeo, nella quale si consente agli Stati Mebri di vietare le coltivazioni di OGM. Invito inoltre il Governo italiano e la Regione Sardegna ad appoggiare la richiesta di sospensione avviata dalla Francia - conclude Uggias - al fine di salvaguardare la biodiversit\u00e0, la salubrit\u00e0 e la genuinit\u00e0 del nostro habitat naturale e delle produzioni agricole\". Com<\/SPAN><\/p>\n","protected":false},"excerpt":{"rendered":"<p>&#8220;E&#8217; necessario sospendere tutte le colture OGM in Europa, almeno fino a che non verranno trovati metodi efficaci per valutare il loro l&#8217;impatto ambientale e&#8230;<\/p>\n","protected":false},"author":2,"featured_media":0,"comment_status":"closed","ping_status":"closed","sticky":false,"template":"","format":"standard","meta":[],"categories":[49],"tags":[],"_links":{"self":[{"href":"https:\/\/www.cronacaonline.it\/index.php\/wp-json\/wp\/v2\/posts\/87472"}],"collection":[{"href":"https:\/\/www.cronacaonline.it\/index.php\/wp-json\/wp\/v2\/posts"}],"about":[{"href":"https:\/\/www.cronacaonline.it\/index.php\/wp-json\/wp\/v2\/types\/post"}],"author":[{"embeddable":true,"href":"https:\/\/www.cronacaonline.it\/index.php\/wp-json\/wp\/v2\/users\/2"}],"replies":[{"embeddable":true,"href":"https:\/\/www.cronacaonline.it\/index.php\/wp-json\/wp\/v2\/comments?post=87472"}],"version-history":[{"count":0,"href":"https:\/\/www.cronacaonline.it\/index.php\/wp-json\/wp\/v2\/posts\/87472\/revisions"}],"wp:attachment":[{"href":"https:\/\/www.cronacaonline.it\/index.php\/wp-json\/wp\/v2\/media?parent=87472"}],"wp:term":[{"taxonomy":"category","embeddable":true,"href":"https:\/\/www.cronacaonline.it\/index.php\/wp-json\/wp\/v2\/categories?post=87472"},{"taxonomy":"post_tag","embeddable":true,"href":"https:\/\/www.cronacaonline.it\/index.php\/wp-json\/wp\/v2\/tags?post=87472"}],"curies":[{"name":"wp","href":"https:\/\/api.w.org\/{rel}","templated":true}]}}