{"id":87423,"date":"2012-02-24T15:14:00","date_gmt":"2012-02-24T14:14:00","guid":{"rendered":"http:\/\/www.cronacaonline.it\/public\/content\/index.php\/24\/02\/2012\/in-siria-altri-42-morti-appello-della-francia-a-damasco"},"modified":"2012-02-24T15:14:00","modified_gmt":"2012-02-24T14:14:00","slug":"in-siria-altri-42-morti-appello-della-francia-a-damasco","status":"publish","type":"post","link":"https:\/\/www.cronacaonline.it\/index.php\/2012\/02\/24\/in-siria-altri-42-morti-appello-della-francia-a-damasco\/","title":{"rendered":"In Siria altri 42 morti, appello della Francia a Damasco"},"content":{"rendered":"<p><SPAN style=\"FONT-FAMILY: 'Verdana','sans-serif'\">Sale a 42 uccisi, compresi cinque tra bambini e adolescenti, il bilancio provvisorio odierno della repressione compiuta dalle forze fedeli al presidente Bashar al Assad. Lo riferiscono i Comitati di coordinamento locali degli attivisti anti-regime, che precisano che tra le vittime ci sono 18 corpi non identificati.<\/SPAN><SPAN class=apple-converted-space><SPAN style=\"LINE-HEIGHT: 115%; FONT-FAMILY: 'Verdana','sans-serif'; COLOR: black; FONT-SIZE: 15.5pt; mso-bidi-font-family: Arial\">&nbsp;<\/SPAN><\/SPAN><\/p>\n<p><SPAN style=\"FONT-FAMILY: 'Verdana','sans-serif'\">Per la mediazione si punta sull'ex segretario generale della Nazioni Unite Kofi Annan Annan \u00e8 appoggiato anche da Cina e Russia. Ufficializzata la scorsa notte da Ban Ki-Moon, la nomina di Annan a mediatore e' stata fatta, congiuntamente, da Nazioni Unite e Lega Araba; il mandato non esclude alcun interlocutore.<\/SPAN><\/p>\n<p><SPAN style=\"FONT-FAMILY: 'Verdana','sans-serif'\">Una nomina&nbsp;giunta alla vigilia della conferenza internazionale di Tunisi sulla crisi siriana ribattezzata \"Amici della Siria\", e' stata accolta con soddisfazione dalle Nazioni Unite e dalla Lega araba che si sono detti \"grati ad Annan per aver accettato questa importante missione in un momento critico per il popolo siriano\".<\/SPAN><\/p>\n<p><SPAN style=\"FONT-FAMILY: 'Verdana','sans-serif'\">Ieri, un rapporto pubblicato a Ginevra dalla commissione d'inchiesta dell'Onu sulla Siria, accusava le forze siriane di aver commesso diffusi e gravi crimini contro l'umanita', con il consenso dei piu' alti livelli dello stato.<\/SPAN><\/p>\n<p><SPAN style=\"FONT-FAMILY: 'Verdana','sans-serif'\">Annan sar\u00e0 chiamato in primis a trattare con il regime di Bashar al-Assad, affinch\u00e9 ponga fine all'assedio di Homs che dura dal 4 febbraio. La citt\u00e0 ribelle vive ormai sotto un incessante pioggia di bombe soprattutto il quartiere di Bab Amro, nel quale soltanto ieri sono morti almeno 80 civili. Ma l'ex inquilino del palazzo di vetro avr\u00b0 anche il compito di riuscire ad ottenere il via libera del regime all'apertura di corridoi umanitari nelle roccaforti dei ribelli come chiede da giorni la Croce rossa Internazionale.<\/SPAN><\/p>\n<p><SPAN style=\"FONT-FAMILY: 'Verdana','sans-serif'\">Kofi Annan, politico ghanese, \u00e8 stato il settimo Segretario Generale delle Nazioni Unite, diventando il primo africano nero a ricoprire questo ruolo. Ha diretto il palazzo<BR>di vetro per due mandati tra il 1997 e il 2006 subentrando all'egiziano Boutros Boutros Ghali. Centinaia di manifestati pro-Regime Assad stanno cercando di forzare la sede dove si svolge la conferenza sulla crisi siriana, organizzata dalla Lega araba a Tunisi.<\/SPAN><\/p>\n<p><SPAN style=\"FONT-FAMILY: 'Verdana','sans-serif'\">Il ministro degli Esteri francese, Alain Jupp\u00e9, ha lanciato un appello \"solenne\" a Damasco perch\u00e9 consenta l'evacuazione dei giornalisti da Homs.<\/SPAN><\/p>\n<p><SPAN style=\"FONT-FAMILY: 'Verdana','sans-serif'\">La Francia considera il Consiglio nazionale siriano (Cns) come \"interlocutore legittimo\", attorno al quale \"deve organizzarsi l'opposizione\", ma senza impegnarsi in un riconoscimento formale. Lo ha detto il ministro degli Esteri francese, Alain Jupp\u00e9, al suo arrivo alla Conferenza sulla Siria a Tunisi.<\/SPAN><\/p>\n","protected":false},"excerpt":{"rendered":"<p>Sale a 42 uccisi, compresi cinque tra bambini e adolescenti, il bilancio provvisorio odierno della repressione compiuta dalle forze fedeli al presidente Bashar al Assad.&#8230;<\/p>\n","protected":false},"author":2,"featured_media":0,"comment_status":"closed","ping_status":"closed","sticky":false,"template":"","format":"standard","meta":[],"categories":[49],"tags":[],"_links":{"self":[{"href":"https:\/\/www.cronacaonline.it\/index.php\/wp-json\/wp\/v2\/posts\/87423"}],"collection":[{"href":"https:\/\/www.cronacaonline.it\/index.php\/wp-json\/wp\/v2\/posts"}],"about":[{"href":"https:\/\/www.cronacaonline.it\/index.php\/wp-json\/wp\/v2\/types\/post"}],"author":[{"embeddable":true,"href":"https:\/\/www.cronacaonline.it\/index.php\/wp-json\/wp\/v2\/users\/2"}],"replies":[{"embeddable":true,"href":"https:\/\/www.cronacaonline.it\/index.php\/wp-json\/wp\/v2\/comments?post=87423"}],"version-history":[{"count":0,"href":"https:\/\/www.cronacaonline.it\/index.php\/wp-json\/wp\/v2\/posts\/87423\/revisions"}],"wp:attachment":[{"href":"https:\/\/www.cronacaonline.it\/index.php\/wp-json\/wp\/v2\/media?parent=87423"}],"wp:term":[{"taxonomy":"category","embeddable":true,"href":"https:\/\/www.cronacaonline.it\/index.php\/wp-json\/wp\/v2\/categories?post=87423"},{"taxonomy":"post_tag","embeddable":true,"href":"https:\/\/www.cronacaonline.it\/index.php\/wp-json\/wp\/v2\/tags?post=87423"}],"curies":[{"name":"wp","href":"https:\/\/api.w.org\/{rel}","templated":true}]}}