{"id":87411,"date":"2012-02-25T15:14:00","date_gmt":"2012-02-25T14:14:00","guid":{"rendered":"http:\/\/www.cronacaonline.it\/public\/content\/index.php\/25\/02\/2012\/napolitano-i-decreti-non-possono-diventare-leggi-omnibus"},"modified":"2012-02-25T15:14:00","modified_gmt":"2012-02-25T14:14:00","slug":"napolitano-i-decreti-non-possono-diventare-leggi-omnibus","status":"publish","type":"post","link":"https:\/\/www.cronacaonline.it\/index.php\/2012\/02\/25\/napolitano-i-decreti-non-possono-diventare-leggi-omnibus\/","title":{"rendered":"Napolitano: i decreti non possono diventare leggi omnibus"},"content":{"rendered":"<p><SPAN style=\"LINE-HEIGHT: 115%; FONT-FAMILY: 'Verdana','sans-serif'; FONT-SIZE: 12pt\">\"Nessuno pu\u00f2 impedire che in Parlamento si presentino ed eventualmente si approvino emendamenti volti a modificare norme contenute in decreti legge approvati dal Consiglio dei ministri ed emanati dal Presidente della Repubblica. Quel che non pu\u00f2 correttamente farsi&nbsp;\u00e8 introdurre attraverso emendamenti, in sede di legge di conversione, norme estranee alla materia e alle finalit\u00e0 del decreto emanato\".<\/SPAN><SPAN class=apple-converted-space><SPAN style=\"LINE-HEIGHT: 115%; FONT-FAMILY: 'Verdana','sans-serif'; COLOR: black; FONT-SIZE: 12pt; mso-bidi-font-family: Arial\">&nbsp;<\/SPAN><\/SPAN><\/p>\n<p><SPAN style=\"LINE-HEIGHT: 115%; FONT-FAMILY: 'Verdana','sans-serif'; FONT-SIZE: 12pt\">E' quanto ribadisce il presidente della Repubblica, in una lettera indirizzata a Repubblica. \"Se lo si fa - spiega il capo dello Stato - si violano regole che dovrebbero essere note e ci si espone ormai a vedere giudicate illegittime dalla Corte costituzionale e quindi cancellate, quelle norme impropriamente inserite\".<\/SPAN><\/p>\n<p><SPAN style=\"LINE-HEIGHT: 115%; FONT-FAMILY: 'Verdana','sans-serif'; FONT-SIZE: 12pt\">Il diritto dovere di decidere spetta essenzialmente al governo e al Parlamento: il presidente del Consiglio Mario Monti lo ha sottolineato nel suo intervento all'inaugurazione dell'Anno accademico all'Universit\u00e0 Bocconi sottolineando comunque che \"tutti devono essere ascoltati\".<\/SPAN><\/p>\n","protected":false},"excerpt":{"rendered":"<p>&#8220;Nessuno pu\u00f2 impedire che in Parlamento si presentino ed eventualmente si approvino emendamenti volti a modificare norme contenute in decreti legge approvati dal Consiglio dei&#8230;<\/p>\n","protected":false},"author":2,"featured_media":0,"comment_status":"closed","ping_status":"closed","sticky":false,"template":"","format":"standard","meta":[],"categories":[49],"tags":[],"_links":{"self":[{"href":"https:\/\/www.cronacaonline.it\/index.php\/wp-json\/wp\/v2\/posts\/87411"}],"collection":[{"href":"https:\/\/www.cronacaonline.it\/index.php\/wp-json\/wp\/v2\/posts"}],"about":[{"href":"https:\/\/www.cronacaonline.it\/index.php\/wp-json\/wp\/v2\/types\/post"}],"author":[{"embeddable":true,"href":"https:\/\/www.cronacaonline.it\/index.php\/wp-json\/wp\/v2\/users\/2"}],"replies":[{"embeddable":true,"href":"https:\/\/www.cronacaonline.it\/index.php\/wp-json\/wp\/v2\/comments?post=87411"}],"version-history":[{"count":0,"href":"https:\/\/www.cronacaonline.it\/index.php\/wp-json\/wp\/v2\/posts\/87411\/revisions"}],"wp:attachment":[{"href":"https:\/\/www.cronacaonline.it\/index.php\/wp-json\/wp\/v2\/media?parent=87411"}],"wp:term":[{"taxonomy":"category","embeddable":true,"href":"https:\/\/www.cronacaonline.it\/index.php\/wp-json\/wp\/v2\/categories?post=87411"},{"taxonomy":"post_tag","embeddable":true,"href":"https:\/\/www.cronacaonline.it\/index.php\/wp-json\/wp\/v2\/tags?post=87411"}],"curies":[{"name":"wp","href":"https:\/\/api.w.org\/{rel}","templated":true}]}}