{"id":87332,"date":"2012-02-26T15:14:00","date_gmt":"2012-02-26T14:14:00","guid":{"rendered":"http:\/\/www.cronacaonline.it\/public\/content\/index.php\/26\/02\/2012\/art18-fornero-fiduciosa-su-accordo"},"modified":"2012-02-26T15:14:00","modified_gmt":"2012-02-26T14:14:00","slug":"art18-fornero-fiduciosa-su-accordo","status":"publish","type":"post","link":"https:\/\/www.cronacaonline.it\/index.php\/2012\/02\/26\/art18-fornero-fiduciosa-su-accordo\/","title":{"rendered":"Art.18, Fornero: fiduciosa su accordo"},"content":{"rendered":"<p><EM><SPAN style=\"FONT-STYLE: normal; FONT-FAMILY: 'Calibri','sans-serif'; mso-ascii-theme-font: minor-latin; mso-hansi-theme-font: minor-latin; mso-bidi-font-family: 'Times New Roman'; mso-bidi-theme-font: minor-bidi; mso-bidi-font-style: italic\">In Italia abbiamo \"salari bassi e un costo del lavoro comparativamente elevato. Bisogna scardinare questa situazione, soprattutto aumentando la produttivit\u00e0\". Cosi' il ministro del Lavoro, Elsa Fornero, ha commentato i dati di Eurostat secondo cui un lavoratore dipendente in media guadagna in Italia la met\u00e0 che in Germania.&nbsp;<\/SPAN><\/EM><\/p>\n<p><EM><SPAN style=\"FONT-STYLE: normal; FONT-FAMILY: 'Calibri','sans-serif'; mso-ascii-theme-font: minor-latin; mso-hansi-theme-font: minor-latin; mso-bidi-font-family: 'Times New Roman'; mso-bidi-theme-font: minor-bidi; mso-bidi-font-style: italic\">Il ministro si \u00e8 detta \"fiduciosa\" sulla possibilit\u00e0 di un'ampia intesa sulla riforma del mercato del lavoro e sull'articolo 18, ma mette in guardia le parti sociali: \"Il tema va affrontato in maniera laica, senza levate di scudi\". E alla vigilia dell'incontro di gioved\u00ec <SPAN style=\"mso-spacerun: yes\">&nbsp;<\/SPAN>incontrer\u00e0 il premier Mario Monti.&nbsp;<BR><BR>\"Voglio convincere le parti sociali e gli italiani che ci sono molte cose da cambiare nel mercato del lavoro, non perch\u00e9 ce lo chiedono l' Ocse o l' Fmi, ma perch\u00e9 bisogna creare un mercato pi\u00f9 inclusivo\".&nbsp;<BR><BR>Bisogna \"aprire nuove prospettive ai giovani e alle donne, eliminando quella flessibilit\u00e0 che genera precariet\u00e0\". Fornero ha quindi assicurato che la riforma degli ammortizzatori \"si fa oggi ma si attua negli anni, non ora che siamo in crisi\".&nbsp;<\/SPAN><\/EM><\/p>\n<p><EM><SPAN style=\"FONT-STYLE: normal; FONT-FAMILY: 'Calibri','sans-serif'; mso-ascii-theme-font: minor-latin; mso-hansi-theme-font: minor-latin; mso-bidi-font-family: 'Times New Roman'; mso-bidi-theme-font: minor-bidi; mso-bidi-font-style: italic\">L'industria dell'auto deve restare in Italia: \"Abbiamo a cuore l'industria dell'auto che e' un pezzo della nostra storia, e ci interessa molto che resti nel nostro Paese\", ha detto, auspicando di \"incontrare presto e in maniera pi\u00f9 formale\" Marchionne.<\/SPAN><\/EM><\/p>\n<p><EM><SPAN style=\"FONT-STYLE: normal; FONT-FAMILY: 'Calibri','sans-serif'; mso-ascii-theme-font: minor-latin; mso-hansi-theme-font: minor-latin; mso-bidi-font-family: 'Times New Roman'; mso-bidi-theme-font: minor-bidi; mso-bidi-font-style: italic\">\"Lui - ha continuato il ministro - rompe gli schemi a volte in maniera fin tropo decisa\", \"ma ha anticipato i tempi\".<\/SPAN><\/EM><\/p>\n","protected":false},"excerpt":{"rendered":"<p>In Italia abbiamo &#8220;salari bassi e un costo del lavoro comparativamente elevato. Bisogna scardinare questa situazione, soprattutto aumentando la produttivit\u00e0&#8221;. Cosi&#8217; il ministro del Lavoro,&#8230;<\/p>\n","protected":false},"author":2,"featured_media":0,"comment_status":"closed","ping_status":"closed","sticky":false,"template":"","format":"standard","meta":[],"categories":[49],"tags":[],"_links":{"self":[{"href":"https:\/\/www.cronacaonline.it\/index.php\/wp-json\/wp\/v2\/posts\/87332"}],"collection":[{"href":"https:\/\/www.cronacaonline.it\/index.php\/wp-json\/wp\/v2\/posts"}],"about":[{"href":"https:\/\/www.cronacaonline.it\/index.php\/wp-json\/wp\/v2\/types\/post"}],"author":[{"embeddable":true,"href":"https:\/\/www.cronacaonline.it\/index.php\/wp-json\/wp\/v2\/users\/2"}],"replies":[{"embeddable":true,"href":"https:\/\/www.cronacaonline.it\/index.php\/wp-json\/wp\/v2\/comments?post=87332"}],"version-history":[{"count":0,"href":"https:\/\/www.cronacaonline.it\/index.php\/wp-json\/wp\/v2\/posts\/87332\/revisions"}],"wp:attachment":[{"href":"https:\/\/www.cronacaonline.it\/index.php\/wp-json\/wp\/v2\/media?parent=87332"}],"wp:term":[{"taxonomy":"category","embeddable":true,"href":"https:\/\/www.cronacaonline.it\/index.php\/wp-json\/wp\/v2\/categories?post=87332"},{"taxonomy":"post_tag","embeddable":true,"href":"https:\/\/www.cronacaonline.it\/index.php\/wp-json\/wp\/v2\/tags?post=87332"}],"curies":[{"name":"wp","href":"https:\/\/api.w.org\/{rel}","templated":true}]}}