{"id":86305,"date":"2011-12-15T15:13:59","date_gmt":"2011-12-15T14:13:59","guid":{"rendered":"http:\/\/www.cronacaonline.it\/public\/content\/index.php\/15\/12\/2011\/bersani-ora-riforma-degli-ammortizzatori-sociali"},"modified":"2011-12-15T15:13:59","modified_gmt":"2011-12-15T14:13:59","slug":"bersani-ora-riforma-degli-ammortizzatori-sociali","status":"publish","type":"post","link":"https:\/\/www.cronacaonline.it\/index.php\/2011\/12\/15\/bersani-ora-riforma-degli-ammortizzatori-sociali\/","title":{"rendered":"Bersani: &#8220;Ora riforma degli ammortizzatori sociali&#8221;"},"content":{"rendered":"<p><SPAN style=\"FONT-FAMILY: 'Verdana','sans-serif'; mso-fareast-language: IT\">Dopo la riforma delle pensioni il tema a cui il governo dovr\u00e0 lavorare non \u00e8 a riforma dell'articolo 18, ma quello degli ammortizzatori sociali. A dirlo&nbsp;\u00e8 il Segretario del Pd Pier Luigi Bersani.<\/SPAN><\/p>\n<p><SPAN style=\"FONT-FAMILY: 'Verdana','sans-serif'; mso-fareast-language: IT\">\"L'articolo 18 - spiega il leader democratico dopo la riunione del gruppo alla Camera- non&nbsp;\u00e8 la questione.<\/SPAN><\/p>\n<p><SPAN style=\"FONT-FAMILY: 'Verdana','sans-serif'; mso-fareast-language: IT\">La riforma delle pensioni apre invece la questione degli ammortizzatori sociali per dare una risposta a chi a 55 anni rimane senza lavoro. Non l'articolo 18. Oggi, come ha detto Confindustria, abbiamo 800mila lavoratori in meno. I lavoratori escono alla grande, non mi si venga a dire che il problema&nbsp;\u00e8 quello. noi chiediamo che a seguito della riforma delle pensioni venga affrontato il tema degli ammortizzatori. Sono sicuro che il governo e il ministro Fornero concordano e ho elementi per dirlo\".<\/SPAN><\/p>\n","protected":false},"excerpt":{"rendered":"<p>Dopo la riforma delle pensioni il tema a cui il governo dovr\u00e0 lavorare non \u00e8 a riforma dell&#8217;articolo 18, ma quello degli ammortizzatori sociali. A&#8230;<\/p>\n","protected":false},"author":2,"featured_media":0,"comment_status":"closed","ping_status":"closed","sticky":false,"template":"","format":"standard","meta":[],"categories":[49],"tags":[],"_links":{"self":[{"href":"https:\/\/www.cronacaonline.it\/index.php\/wp-json\/wp\/v2\/posts\/86305"}],"collection":[{"href":"https:\/\/www.cronacaonline.it\/index.php\/wp-json\/wp\/v2\/posts"}],"about":[{"href":"https:\/\/www.cronacaonline.it\/index.php\/wp-json\/wp\/v2\/types\/post"}],"author":[{"embeddable":true,"href":"https:\/\/www.cronacaonline.it\/index.php\/wp-json\/wp\/v2\/users\/2"}],"replies":[{"embeddable":true,"href":"https:\/\/www.cronacaonline.it\/index.php\/wp-json\/wp\/v2\/comments?post=86305"}],"version-history":[{"count":0,"href":"https:\/\/www.cronacaonline.it\/index.php\/wp-json\/wp\/v2\/posts\/86305\/revisions"}],"wp:attachment":[{"href":"https:\/\/www.cronacaonline.it\/index.php\/wp-json\/wp\/v2\/media?parent=86305"}],"wp:term":[{"taxonomy":"category","embeddable":true,"href":"https:\/\/www.cronacaonline.it\/index.php\/wp-json\/wp\/v2\/categories?post=86305"},{"taxonomy":"post_tag","embeddable":true,"href":"https:\/\/www.cronacaonline.it\/index.php\/wp-json\/wp\/v2\/tags?post=86305"}],"curies":[{"name":"wp","href":"https:\/\/api.w.org\/{rel}","templated":true}]}}