{"id":86091,"date":"2011-12-07T15:13:58","date_gmt":"2011-12-07T14:13:58","guid":{"rendered":"http:\/\/www.cronacaonline.it\/public\/content\/index.php\/07\/12\/2011\/industria---portovesme-srl-la-glencore-investira-70-milioni-di-euro-per-impianti-ad-alta-tecnologia"},"modified":"2011-12-07T15:13:58","modified_gmt":"2011-12-07T14:13:58","slug":"industria-portovesme-srl-la-glencore-investira-70-milioni-di-euro-per-impianti-ad-alta-tecnologia","status":"publish","type":"post","link":"https:\/\/www.cronacaonline.it\/index.php\/2011\/12\/07\/industria-portovesme-srl-la-glencore-investira-70-milioni-di-euro-per-impianti-ad-alta-tecnologia\/","title":{"rendered":"Industria &#8211; Portovesme Srl: la Glencore investir\u00e0 70 milioni di euro per impianti ad alta tecnologia."},"content":{"rendered":"<p>L\u2019amministratore delegato della Portovesme srl, Carlo Lolliri, durante la conferenza stampa convocata questo pomeriggio a Villa Devoto, ha reso noto che la Glencore investir\u00e0 70 milioni di euro per realizzare a Portovesme un impianto \"SX\" di tecnologia avanzata utile al recupero dello zinco contenuto nell\u2019ossido \"Velz\" e per il ripristino del funzionamento della linea piombo, costituita da un impianto \"Kivcet\" e da quello della fonderia di San Gavino. Il primo impianto entrer\u00e0 in funzione entro dicembre 2012, il secondo dovrebbe partire a gennaio 2013. <\/p>\n<p>\"L\u2019impegno per la Portovesme srl \u2013 ha affermato il presidente Ugo Cappellacci - \u00e8 un\u2019azione importante per un intero territorio. Stiamo affrontando una situazione complessa, che attraversa le competenze della politica, da quelle regionali a quelle comunitarie, passando per quelle nazionali. Il passaggio di oggi \u00e8 una tappa fondamentale, che d\u00e0 vigore alle speranze di rilancio di questa realt\u00e0\".<\/p>\n<p>L\u2019assessore dell\u2019Ambiente, Giorgio Oppi, ha poi aggiunto: \"La Giunta Cappellacci - ha affermato Oppi - \u00e8 intervenuta per rilanciare il sito produttivo, modificando la normativa sulla classificazione dell\u2019azienda: da consumatore a produttore di energia. Per quanto riguarda la questione dei limiti strutturali dell\u2019area con l\u2019istituzione dell\u2019area di crisi si prevedono i lavori di infrastrutturazione dello scalo di Portovesme; mentre per quanto riguarda la questione ambientale \u00e8 stato deliberato un incremento della capacit\u00e0 della discarica di Genna Luas\".<\/p>\n<p>\"Siamo in attesa della convocazione ministeriale per la firma dell\u2019accordo di programma - ha affermato l\u2019assessore dell\u2019Industria- Alessandra Zedda - confermando la disponibilit\u00e0 del Ministero dello Sviluppo Economico, che si \u00e8 gi\u00e0 attivato per verificare lo stato d\u2019attuazione del protocollo d\u2019intesa e per approfondire la questione degli aiuti di stato\". Red.<\/p>\n","protected":false},"excerpt":{"rendered":"<p>L\u2019amministratore delegato della Portovesme srl, Carlo Lolliri, durante la conferenza stampa convocata questo pomeriggio a Villa Devoto, ha reso noto che la Glencore investir\u00e0 70&#8230;<\/p>\n","protected":false},"author":2,"featured_media":0,"comment_status":"closed","ping_status":"closed","sticky":false,"template":"","format":"standard","meta":[],"categories":[49],"tags":[],"_links":{"self":[{"href":"https:\/\/www.cronacaonline.it\/index.php\/wp-json\/wp\/v2\/posts\/86091"}],"collection":[{"href":"https:\/\/www.cronacaonline.it\/index.php\/wp-json\/wp\/v2\/posts"}],"about":[{"href":"https:\/\/www.cronacaonline.it\/index.php\/wp-json\/wp\/v2\/types\/post"}],"author":[{"embeddable":true,"href":"https:\/\/www.cronacaonline.it\/index.php\/wp-json\/wp\/v2\/users\/2"}],"replies":[{"embeddable":true,"href":"https:\/\/www.cronacaonline.it\/index.php\/wp-json\/wp\/v2\/comments?post=86091"}],"version-history":[{"count":0,"href":"https:\/\/www.cronacaonline.it\/index.php\/wp-json\/wp\/v2\/posts\/86091\/revisions"}],"wp:attachment":[{"href":"https:\/\/www.cronacaonline.it\/index.php\/wp-json\/wp\/v2\/media?parent=86091"}],"wp:term":[{"taxonomy":"category","embeddable":true,"href":"https:\/\/www.cronacaonline.it\/index.php\/wp-json\/wp\/v2\/categories?post=86091"},{"taxonomy":"post_tag","embeddable":true,"href":"https:\/\/www.cronacaonline.it\/index.php\/wp-json\/wp\/v2\/tags?post=86091"}],"curies":[{"name":"wp","href":"https:\/\/api.w.org\/{rel}","templated":true}]}}